{"id":34979,"date":"2026-09-04T06:37:06","date_gmt":"2026-09-04T09:37:06","guid":{"rendered":"https:\/\/acontecenafronteira.com.br\/?p=34979"},"modified":"2026-09-04T06:37:06","modified_gmt":"2026-09-04T09:37:06","slug":"pf-mira-novo-suspeito-de-furtar-casa-de-policial-federal-em-ro","status":"publish","type":"post","link":"https:\/\/acontecenafronteira.com.br\/index.php\/2026\/09\/04\/pf-mira-novo-suspeito-de-furtar-casa-de-policial-federal-em-ro\/","title":{"rendered":"PF mira novo suspeito de furtar casa de policial federal em RO"},"content":{"rendered":"<p>A Pol\u00edcia Federal deflagrou nesta quinta-feira (3\/9) uma nova ofensiva em Ji-Paran\u00e1, Rond\u00f4nia, com o objetivo de capturar e investigar um segundo envolvido no furto \u00e0 resid\u00eancia de um agente da pr\u00f3pria corpora\u00e7\u00e3o.<\/p>\n<h2>Avan\u00e7o da Opera\u00e7\u00e3o Pronta Resposta<\/h2>\n<p>Esta investida marca a segunda etapa da <strong>Opera\u00e7\u00e3o Pronta Resposta<\/strong>, criada especificamente para apurar o crime. Com base nos dados colhidos na fase inicial, a corpora\u00e7\u00e3o encontrou elementos robustos que apontam a <strong>participa\u00e7\u00e3o de um novo suspeito<\/strong> no esquema criminoso.<\/p>\n<h2>Mandados de busca e apreens\u00e3o cumpridos<\/h2>\n<p>Diante dos ind\u00edcios levantados no decorrer das dilig\u00eancias, a autoridade policial solicitou \u00e0 Justi\u00e7a a emiss\u00e3o de ordens judiciais, que foram prontamente deferidas pelo Poder Judici\u00e1rio.<\/p>\n<p>Durante a a\u00e7\u00e3o desta quinta-feira, os agentes cumpriram dois <strong>mandados de busca e apreens\u00e3o<\/strong>. As equipes vasculharam tanto uma resid\u00eancia quanto um estabelecimento comercial ligados diretamente ao investigado.<\/p>\n<p>O principal foco dessas medidas cautelares \u00e9 <strong>reunir provas materiais<\/strong>, detalhar como o crime foi executado e definir o papel exato de cada participante no delito.<\/p>\n<p>As autoridades informam que o inqu\u00e9rito segue em andamento para apurar se h\u00e1 mais pessoas envolvidas na a\u00e7\u00e3o criminosa.<\/p>\n<p>Por Reda\u00e7\u00e3o Acontece<\/p>\n<p>Foto: Divulga\u00e7\u00e3o\/PF<\/p>\n","protected":false},"excerpt":{"rendered":"<p>A Pol\u00edcia Federal deflagrou nesta quinta-feira (3\/9) uma nova ofensiva em Ji-Paran\u00e1, Rond\u00f4nia, com o objetivo de capturar e investigar um segundo envolvido no furto \u00e0 resid\u00eancia de um agente da pr\u00f3pria corpora\u00e7\u00e3o. Avan\u00e7o da Opera\u00e7\u00e3o Pronta Resposta Esta investida marca a segunda etapa da Opera\u00e7\u00e3o Pronta Resposta, criada especificamente para apurar o crime. Com [&hellip;]<\/p>\n","protected":false},"author":0,"featured_media":34984,"comment_status":"open","ping_status":"open","sticky":false,"template":"","format":"standard","meta":{"footnotes":""},"categories":[6],"tags":[],"class_list":["post-34979","post","type-post","status-publish","format-standard","has-post-thumbnail","hentry","category-mercosul"],"_links":{"self":[{"href":"https:\/\/acontecenafronteira.com.br\/index.php\/wp-json\/wp\/v2\/posts\/34979","targetHints":{"allow":["GET"]}}],"collection":[{"href":"https:\/\/acontecenafronteira.com.br\/index.php\/wp-json\/wp\/v2\/posts"}],"about":[{"href":"https:\/\/acontecenafronteira.com.br\/index.php\/wp-json\/wp\/v2\/types\/post"}],"replies":[{"embeddable":true,"href":"https:\/\/acontecenafronteira.com.br\/index.php\/wp-json\/wp\/v2\/comments?post=34979"}],"version-history":[{"count":1,"href":"https:\/\/acontecenafronteira.com.br\/index.php\/wp-json\/wp\/v2\/posts\/34979\/revisions"}],"predecessor-version":[{"id":34983,"href":"https:\/\/acontecenafronteira.com.br\/index.php\/wp-json\/wp\/v2\/posts\/34979\/revisions\/34983"}],"wp:featuredmedia":[{"embeddable":true,"href":"https:\/\/acontecenafronteira.com.br\/index.php\/wp-json\/wp\/v2\/media\/34984"}],"wp:attachment":[{"href":"https:\/\/acontecenafronteira.com.br\/index.php\/wp-json\/wp\/v2\/media?parent=34979"}],"wp:term":[{"taxonomy":"category","embeddable":true,"href":"https:\/\/acontecenafronteira.com.br\/index.php\/wp-json\/wp\/v2\/categories?post=34979"},{"taxonomy":"post_tag","embeddable":true,"href":"https:\/\/acontecenafronteira.com.br\/index.php\/wp-json\/wp\/v2\/tags?post=34979"}],"curies":[{"name":"wp","href":"https:\/\/api.w.org\/{rel}","templated":true}]}}