{"id":34971,"date":"2026-09-04T06:36:49","date_gmt":"2026-09-04T09:36:49","guid":{"rendered":"https:\/\/acontecenafronteira.com.br\/?p=34971"},"modified":"2026-09-04T06:36:49","modified_gmt":"2026-09-04T09:36:49","slug":"poeira-do-saara-atinge-portugal-e-piora-qualidade-do-ar","status":"publish","type":"post","link":"https:\/\/acontecenafronteira.com.br\/index.php\/2026\/09\/04\/poeira-do-saara-atinge-portugal-e-piora-qualidade-do-ar\/","title":{"rendered":"Poeira do Saara atinge Portugal e piora qualidade do ar"},"content":{"rendered":"<p>Uma densa nuvem de poeira vinda do deserto do Saara atravessa Portugal continental, provocando uma forte degrada\u00e7\u00e3o na <strong>qualidade do ar<\/strong> em diversas regi\u00f5es do pa\u00eds.<\/p>\n<h2>Impacto das part\u00edculas nas regi\u00f5es Centro e Sul<\/h2>\n<p>O fen\u00f4meno, que afeta principalmente as zonas Centro e Sul, \u00e9 impulsionado por ventos que transportam part\u00edculas minerais por longas dist\u00e2ncias desde o norte da \u00c1frica.<\/p>\n<p>De acordo com previs\u00f5es meteorol\u00f3gicas, a atmosfera deve continuar carregada de poeira e com n\u00edveis elevados de <strong>part\u00edculas inal\u00e1veis<\/strong> pelo menos at\u00e9 s\u00e1bado, prolongando o cen\u00e1rio registrado desde quinta-feira.<\/p>\n<h2>Riscos para a sa\u00fade p\u00fablica e grupos vulner\u00e1veis<\/h2>\n<p>As autoridades de sa\u00fade emitiram alertas severos devido ao aumento expressivo na concentra\u00e7\u00e3o de PM10, que s\u00e3o <strong>part\u00edculas finas<\/strong> capazes de penetrar profundamente nas vias respirat\u00f3rias e comprometer o bem-estar da popula\u00e7\u00e3o.<\/p>\n<p>Crian\u00e7as, idosos, asm\u00e1ticos e pacientes com <strong>problemas cardiovasculares<\/strong> formam o grupo de maior risco e devem redobrar os cuidados, evitando ao m\u00e1ximo a exposi\u00e7\u00e3o ao ar livre e mantendo janelas fechadas.<\/p>\n<h2>Recomenda\u00e7\u00f5es m\u00e9dicas durante o fen\u00f4meno<\/h2>\n<p>Especialistas aconselham que a popula\u00e7\u00e3o em geral evite <strong>exerc\u00edcios f\u00edsicos<\/strong> prolongados e o contato com outros agentes irritantes, como fuma\u00e7a de cigarro, enquanto o material particulado estiver presente na atmosfera.<\/p>\n<p>Pacientes com condi\u00e7\u00f5es cr\u00f4nicas n\u00e3o devem interromper seus <strong>tratamentos m\u00e9dicos<\/strong> habituais e precisam buscar atendimento imediato caso sintam qualquer agravamento em seu quadro cl\u00ednico.<\/p>\n<p>Por Reda\u00e7\u00e3o Acontece<\/p>\n<p>Foto: Divulga\u00e7\u00e3o\/IPMA<\/p>\n","protected":false},"excerpt":{"rendered":"<p>Uma densa nuvem de poeira vinda do deserto do Saara atravessa Portugal continental, provocando uma forte degrada\u00e7\u00e3o na qualidade do ar em diversas regi\u00f5es do pa\u00eds. Impacto das part\u00edculas nas regi\u00f5es Centro e Sul O fen\u00f4meno, que afeta principalmente as zonas Centro e Sul, \u00e9 impulsionado por ventos que transportam part\u00edculas minerais por longas dist\u00e2ncias [&hellip;]<\/p>\n","protected":false},"author":0,"featured_media":34978,"comment_status":"open","ping_status":"open","sticky":false,"template":"","format":"standard","meta":{"footnotes":""},"categories":[28],"tags":[],"class_list":["post-34971","post","type-post","status-publish","format-standard","has-post-thumbnail","hentry","category-mundo"],"_links":{"self":[{"href":"https:\/\/acontecenafronteira.com.br\/index.php\/wp-json\/wp\/v2\/posts\/34971","targetHints":{"allow":["GET"]}}],"collection":[{"href":"https:\/\/acontecenafronteira.com.br\/index.php\/wp-json\/wp\/v2\/posts"}],"about":[{"href":"https:\/\/acontecenafronteira.com.br\/index.php\/wp-json\/wp\/v2\/types\/post"}],"replies":[{"embeddable":true,"href":"https:\/\/acontecenafronteira.com.br\/index.php\/wp-json\/wp\/v2\/comments?post=34971"}],"version-history":[{"count":1,"href":"https:\/\/acontecenafronteira.com.br\/index.php\/wp-json\/wp\/v2\/posts\/34971\/revisions"}],"predecessor-version":[{"id":34977,"href":"https:\/\/acontecenafronteira.com.br\/index.php\/wp-json\/wp\/v2\/posts\/34971\/revisions\/34977"}],"wp:featuredmedia":[{"embeddable":true,"href":"https:\/\/acontecenafronteira.com.br\/index.php\/wp-json\/wp\/v2\/media\/34978"}],"wp:attachment":[{"href":"https:\/\/acontecenafronteira.com.br\/index.php\/wp-json\/wp\/v2\/media?parent=34971"}],"wp:term":[{"taxonomy":"category","embeddable":true,"href":"https:\/\/acontecenafronteira.com.br\/index.php\/wp-json\/wp\/v2\/categories?post=34971"},{"taxonomy":"post_tag","embeddable":true,"href":"https:\/\/acontecenafronteira.com.br\/index.php\/wp-json\/wp\/v2\/tags?post=34971"}],"curies":[{"name":"wp","href":"https:\/\/api.w.org\/{rel}","templated":true}]}}