{"id":34970,"date":"2026-09-04T06:36:33","date_gmt":"2026-09-04T09:36:33","guid":{"rendered":"https:\/\/acontecenafronteira.com.br\/?p=34970"},"modified":"2026-09-04T06:36:33","modified_gmt":"2026-09-04T09:36:33","slug":"mourinho-cria-plano-para-joia-de-r-795m-do-real-madrid","status":"publish","type":"post","link":"https:\/\/acontecenafronteira.com.br\/index.php\/2026\/09\/04\/mourinho-cria-plano-para-joia-de-r-795m-do-real-madrid\/","title":{"rendered":"Mourinho cria plano para joia de R$ 795M do Real Madrid"},"content":{"rendered":"<p>A contrata\u00e7\u00e3o mais cara dos 124 anos de hist\u00f3ria do Real Madrid, o atacante marfinense Yan Diomande soma apenas 57 minutos em campo nesta temporada, tendo disputado tr\u00eas partidas sempre vindo do banco de reservas.<\/p>\n<h2>A estrat\u00e9gia de adapta\u00e7\u00e3o do treinador<\/h2>\n<p>A comiss\u00e3o t\u00e9cnica liderada por Jos\u00e9 Mourinho elaborou um planejamento espec\u00edfico para inserir a joia de 19 anos gradualmente no time principal, evitando que o peso da transfer\u00eancia recorde gere uma press\u00e3o excessiva sobre o atleta.<\/p>\n<p>Comprado por 125 milh\u00f5es de euros, o que equivale a cerca de R$ 795 milh\u00f5es, o jovem atacante atuou por 25 minutos contra o Espanyol, seis diante da Real Sociedad e 26 frente ao M\u00e1laga, totalizando pouco tempo de jogo.<\/p>\n<p>O comandante portugu\u00eas destacou publicamente a humildade e a vontade de aprender do jogador, ressaltando que o foco deve estar em seu desenvolvimento e n\u00e3o na quantia milion\u00e1ria investida pelo clube merengue.<\/p>\n<h2>Preserva\u00e7\u00e3o da hierarquia do elenco<\/h2>\n<p>Al\u00e9m de respeitar o ritmo de matura\u00e7\u00e3o do atleta, a cautela adotada pela comiss\u00e3o t\u00e9cnica visa manter o equil\u00edbrio interno do vesti\u00e1rio e valorizar atletas que se destacaram na pr\u00e9-temporada, como Brahim D\u00edaz e Arda G\u00fcler.<\/p>\n<p>O neg\u00f3cio fechado com o RB Leipzig em agosto superou valores de estrelas hist\u00f3ricas como Cristiano Ronaldo, Gareth Bale, Eden Hazard e Jude Bellingham, firmando um v\u00ednculo v\u00e1lido por sete temporadas, at\u00e9 junho de 2033.<\/p>\n<p>Antes de brilhar no futebol alem\u00e3o, onde marcou 12 gols e deu oito assist\u00eancias na \u00faltima Bundesliga, o jovem marfinense defendia o Legan\u00e9s B h\u00e1 apenas dois anos, tendo sua trajet\u00f3ria marcada por uma ascens\u00e3o mete\u00f3rica.<\/p>\n<p>Para o futuro, a expectativa \u00e9 que o atleta ganhe espa\u00e7o aos poucos, contando com o respaldo total de seu treinador, a quem definiu recentemente como um amigo e chefe por quem daria a vida dentro do futebol.<\/p>\n<p>Por Reda\u00e7\u00e3o Acontece<\/p>\n<p>Cr\u00e9ditos da imagem: Reprodu\u00e7\u00e3o \/ Real Madrid CF<\/p>\n","protected":false},"excerpt":{"rendered":"<p>A contrata\u00e7\u00e3o mais cara dos 124 anos de hist\u00f3ria do Real Madrid, o atacante marfinense Yan Diomande soma apenas 57 minutos em campo nesta temporada, tendo disputado tr\u00eas partidas sempre vindo do banco de reservas. A estrat\u00e9gia de adapta\u00e7\u00e3o do treinador A comiss\u00e3o t\u00e9cnica liderada por Jos\u00e9 Mourinho elaborou um planejamento espec\u00edfico para inserir a [&hellip;]<\/p>\n","protected":false},"author":0,"featured_media":34976,"comment_status":"open","ping_status":"open","sticky":false,"template":"","format":"standard","meta":{"footnotes":""},"categories":[28],"tags":[],"class_list":["post-34970","post","type-post","status-publish","format-standard","has-post-thumbnail","hentry","category-mundo"],"_links":{"self":[{"href":"https:\/\/acontecenafronteira.com.br\/index.php\/wp-json\/wp\/v2\/posts\/34970","targetHints":{"allow":["GET"]}}],"collection":[{"href":"https:\/\/acontecenafronteira.com.br\/index.php\/wp-json\/wp\/v2\/posts"}],"about":[{"href":"https:\/\/acontecenafronteira.com.br\/index.php\/wp-json\/wp\/v2\/types\/post"}],"replies":[{"embeddable":true,"href":"https:\/\/acontecenafronteira.com.br\/index.php\/wp-json\/wp\/v2\/comments?post=34970"}],"version-history":[{"count":1,"href":"https:\/\/acontecenafronteira.com.br\/index.php\/wp-json\/wp\/v2\/posts\/34970\/revisions"}],"predecessor-version":[{"id":34975,"href":"https:\/\/acontecenafronteira.com.br\/index.php\/wp-json\/wp\/v2\/posts\/34970\/revisions\/34975"}],"wp:featuredmedia":[{"embeddable":true,"href":"https:\/\/acontecenafronteira.com.br\/index.php\/wp-json\/wp\/v2\/media\/34976"}],"wp:attachment":[{"href":"https:\/\/acontecenafronteira.com.br\/index.php\/wp-json\/wp\/v2\/media?parent=34970"}],"wp:term":[{"taxonomy":"category","embeddable":true,"href":"https:\/\/acontecenafronteira.com.br\/index.php\/wp-json\/wp\/v2\/categories?post=34970"},{"taxonomy":"post_tag","embeddable":true,"href":"https:\/\/acontecenafronteira.com.br\/index.php\/wp-json\/wp\/v2\/tags?post=34970"}],"curies":[{"name":"wp","href":"https:\/\/api.w.org\/{rel}","templated":true}]}}