{"id":34960,"date":"2026-09-04T05:37:31","date_gmt":"2026-09-04T08:37:31","guid":{"rendered":"https:\/\/acontecenafronteira.com.br\/?p=34960"},"modified":"2026-09-04T05:37:31","modified_gmt":"2026-09-04T08:37:31","slug":"charge-do-aroeira-humor-grafico-e-satira-politica","status":"publish","type":"post","link":"https:\/\/acontecenafronteira.com.br\/index.php\/2026\/09\/04\/charge-do-aroeira-humor-grafico-e-satira-politica\/","title":{"rendered":"Charge do Aroeira: Humor gr\u00e1fico e s\u00e1tira pol\u00edtica"},"content":{"rendered":"<p>O renomado cartunista Aroeira continua a utilizar a sua arte como uma poderosa ferramenta de cr\u00edtica social, gerando intensos debates no cen\u00e1rio pol\u00edtico brasileiro atual.<\/p>\n<h2>O papel do cartum na pol\u00edtica<\/h2>\n<p>Atrav\u00e9s do tra\u00e7o ir\u00f4nico e da s\u00edntese visual, as produ\u00e7\u00f5es do artista exp\u00f5em contradi\u00e7\u00f5es de figuras p\u00fablicas e provocam reflex\u00f5es imediatas nos leitores.<\/p>\n<h2>A repercuss\u00e3o das charges<\/h2>\n<p>Cada nova publica\u00e7\u00e3o nas redes sociais e ve\u00edculos de imprensa mobiliza milhares de compartilhamentos, dividindo opini\u00f5es entre apoiadores e cr\u00edticos das abordagens adotadas.<\/p>\n<p>A for\u00e7a da s\u00e1tira reside na capacidade de comunicar mensagens complexas em poucos segundos, tornando-se indispens\u00e1vel para a liberdade de express\u00e3o e o jornalismo opinativo.<\/p>\n<p>Por Reda\u00e7\u00e3o Acontece<\/p>\n<p>Cr\u00e9ditos da imagem: Reprodu\u00e7\u00e3o \/ Redes Sociais<\/p>\n","protected":false},"excerpt":{"rendered":"<p>O renomado cartunista Aroeira continua a utilizar a sua arte como uma poderosa ferramenta de cr\u00edtica social, gerando intensos debates no cen\u00e1rio pol\u00edtico brasileiro atual. O papel do cartum na pol\u00edtica Atrav\u00e9s do tra\u00e7o ir\u00f4nico e da s\u00edntese visual, as produ\u00e7\u00f5es do artista exp\u00f5em contradi\u00e7\u00f5es de figuras p\u00fablicas e provocam reflex\u00f5es imediatas nos leitores. A [&hellip;]<\/p>\n","protected":false},"author":0,"featured_media":34967,"comment_status":"open","ping_status":"open","sticky":false,"template":"","format":"standard","meta":{"footnotes":""},"categories":[6],"tags":[],"class_list":["post-34960","post","type-post","status-publish","format-standard","has-post-thumbnail","hentry","category-mercosul"],"_links":{"self":[{"href":"https:\/\/acontecenafronteira.com.br\/index.php\/wp-json\/wp\/v2\/posts\/34960","targetHints":{"allow":["GET"]}}],"collection":[{"href":"https:\/\/acontecenafronteira.com.br\/index.php\/wp-json\/wp\/v2\/posts"}],"about":[{"href":"https:\/\/acontecenafronteira.com.br\/index.php\/wp-json\/wp\/v2\/types\/post"}],"replies":[{"embeddable":true,"href":"https:\/\/acontecenafronteira.com.br\/index.php\/wp-json\/wp\/v2\/comments?post=34960"}],"version-history":[{"count":1,"href":"https:\/\/acontecenafronteira.com.br\/index.php\/wp-json\/wp\/v2\/posts\/34960\/revisions"}],"predecessor-version":[{"id":34966,"href":"https:\/\/acontecenafronteira.com.br\/index.php\/wp-json\/wp\/v2\/posts\/34960\/revisions\/34966"}],"wp:featuredmedia":[{"embeddable":true,"href":"https:\/\/acontecenafronteira.com.br\/index.php\/wp-json\/wp\/v2\/media\/34967"}],"wp:attachment":[{"href":"https:\/\/acontecenafronteira.com.br\/index.php\/wp-json\/wp\/v2\/media?parent=34960"}],"wp:term":[{"taxonomy":"category","embeddable":true,"href":"https:\/\/acontecenafronteira.com.br\/index.php\/wp-json\/wp\/v2\/categories?post=34960"},{"taxonomy":"post_tag","embeddable":true,"href":"https:\/\/acontecenafronteira.com.br\/index.php\/wp-json\/wp\/v2\/tags?post=34960"}],"curies":[{"name":"wp","href":"https:\/\/api.w.org\/{rel}","templated":true}]}}