{"id":34959,"date":"2026-09-04T05:37:02","date_gmt":"2026-09-04T08:37:02","guid":{"rendered":"https:\/\/acontecenafronteira.com.br\/?p=34959"},"modified":"2026-09-04T05:37:02","modified_gmt":"2026-09-04T08:37:02","slug":"industria-alema-propoe-volta-da-jornada-de-40-horas-semanais","status":"publish","type":"post","link":"https:\/\/acontecenafronteira.com.br\/index.php\/2026\/09\/04\/industria-alema-propoe-volta-da-jornada-de-40-horas-semanais\/","title":{"rendered":"Ind\u00fastria alem\u00e3 prop\u00f5e volta da jornada de 40 horas semanais"},"content":{"rendered":"<p>Grandes corpora\u00e7\u00f5es industriais na Alemanha iniciaram uma forte press\u00e3o pol\u00edtica e econ\u00f4mica para restabelecer a carga hor\u00e1ria de <strong>40 horas semanais<\/strong> no pa\u00eds. A medida proposta pelos empres\u00e1rios visa ampliar o tempo de trabalho sem que haja qualquer reajuste salarial para os colaboradores, acendendo um debate hist\u00f3rico quatro d\u00e9cadas ap\u00f3s a conquista da redu\u00e7\u00e3o para <strong>35 horas<\/strong>.<\/p>\n<h2>Crise de competitividade e custos elevados<\/h2>\n<p>De acordo com informa\u00e7\u00f5es veiculadas pelo jornal brit\u00e2nico <em>Financial Times<\/em>, lideran\u00e7as de gigantes corporativos, a exemplo da montadora <strong>Mercedes-Benz<\/strong> e da fabricante de ferramentas <strong>Stihl<\/strong>, sustentam que os altos encargos trabalhistas locais prejudicam severamente a capacidade de concorrer no mercado global.<\/p>\n<p>Para Martin Bruderm\u00fcller, presidente do conselho de supervis\u00e3o do <strong>Grupo Mercedes-Benz AG<\/strong>, em declara\u00e7\u00e3o ao peri\u00f3dico <em>Handelsblatt<\/em>, a m\u00e3o de obra nacional atingiu um patamar financeiro excessivamente oneroso quando comparada aos padr\u00f5es internacionais.<\/p>\n<h2>Hist\u00f3rico da conquista trabalhista<\/h2>\n<p>O modelo atual de <strong>35 horas semanais<\/strong> para o setor industrial \u2014 com destaque para os ramos metal\u00fargico e automotivo \u2014 foi estabelecido por meio de negocia\u00e7\u00f5es coletivas no ano de <strong>1984<\/strong>. Tal conquista s\u00f3 se tornou realidade ap\u00f3s uma paralisa\u00e7\u00e3o sindical que durou sete semanas consecutivas. Vale destacar que outras \u00e1reas de atua\u00e7\u00e3o econ\u00f4mica no territ\u00f3rio alem\u00e3o j\u00e1 operam com limites de at\u00e9 <strong>40 horas<\/strong> por semana.<\/p>\n<h2>Panorama internacional e o debate no Brasil<\/h2>\n<p>Enquanto o cen\u00e1rio europeu registra uma m\u00e9dia de <strong>37 horas<\/strong> semanais de trabalho, conforme estat\u00edsticas oficiais do <strong>Eurostat<\/strong>, o tema ganha tra\u00e7\u00e3o em outras regi\u00f5es do globo, como na Am\u00e9rica Latina, onde Equador e Venezuela adotam o limite de <strong>40 horas<\/strong>.<\/p>\n<p>Paralelamente, o Brasil discute uma guinada similar em sentido oposto. O Senado brasileiro avan\u00e7ou na tramita\u00e7\u00e3o de um projeto de lei voltado a extinguir a escala <strong>6&#215;1<\/strong>, buscando reduzir o teto de <strong>44 horas<\/strong> para <strong>40 horas semanais<\/strong>. A proposta passou pela Comiss\u00e3o de Constitui\u00e7\u00e3o e Justi\u00e7a (CCJ) e aguarda delibera\u00e7\u00e3o no plen\u00e1rio ap\u00f3s o t\u00e9rmino do primeiro turno das elei\u00e7\u00f5es.<\/p>\n<p>Por Reda\u00e7\u00e3o Acontece<\/p>\n<p>Cr\u00e9ditos da imagem: Divulga\u00e7\u00e3o \/ Pixabay<\/p>\n","protected":false},"excerpt":{"rendered":"<p>Grandes corpora\u00e7\u00f5es industriais na Alemanha iniciaram uma forte press\u00e3o pol\u00edtica e econ\u00f4mica para restabelecer a carga hor\u00e1ria de 40 horas semanais no pa\u00eds. A medida proposta pelos empres\u00e1rios visa ampliar o tempo de trabalho sem que haja qualquer reajuste salarial para os colaboradores, acendendo um debate hist\u00f3rico quatro d\u00e9cadas ap\u00f3s a conquista da redu\u00e7\u00e3o para [&hellip;]<\/p>\n","protected":false},"author":0,"featured_media":34965,"comment_status":"open","ping_status":"open","sticky":false,"template":"","format":"standard","meta":{"footnotes":""},"categories":[6],"tags":[],"class_list":["post-34959","post","type-post","status-publish","format-standard","has-post-thumbnail","hentry","category-mercosul"],"_links":{"self":[{"href":"https:\/\/acontecenafronteira.com.br\/index.php\/wp-json\/wp\/v2\/posts\/34959","targetHints":{"allow":["GET"]}}],"collection":[{"href":"https:\/\/acontecenafronteira.com.br\/index.php\/wp-json\/wp\/v2\/posts"}],"about":[{"href":"https:\/\/acontecenafronteira.com.br\/index.php\/wp-json\/wp\/v2\/types\/post"}],"replies":[{"embeddable":true,"href":"https:\/\/acontecenafronteira.com.br\/index.php\/wp-json\/wp\/v2\/comments?post=34959"}],"version-history":[{"count":1,"href":"https:\/\/acontecenafronteira.com.br\/index.php\/wp-json\/wp\/v2\/posts\/34959\/revisions"}],"predecessor-version":[{"id":34964,"href":"https:\/\/acontecenafronteira.com.br\/index.php\/wp-json\/wp\/v2\/posts\/34959\/revisions\/34964"}],"wp:featuredmedia":[{"embeddable":true,"href":"https:\/\/acontecenafronteira.com.br\/index.php\/wp-json\/wp\/v2\/media\/34965"}],"wp:attachment":[{"href":"https:\/\/acontecenafronteira.com.br\/index.php\/wp-json\/wp\/v2\/media?parent=34959"}],"wp:term":[{"taxonomy":"category","embeddable":true,"href":"https:\/\/acontecenafronteira.com.br\/index.php\/wp-json\/wp\/v2\/categories?post=34959"},{"taxonomy":"post_tag","embeddable":true,"href":"https:\/\/acontecenafronteira.com.br\/index.php\/wp-json\/wp\/v2\/tags?post=34959"}],"curies":[{"name":"wp","href":"https:\/\/api.w.org\/{rel}","templated":true}]}}