{"id":34958,"date":"2026-09-04T05:36:54","date_gmt":"2026-09-04T08:36:54","guid":{"rendered":"https:\/\/acontecenafronteira.com.br\/?p=34958"},"modified":"2026-09-04T05:36:54","modified_gmt":"2026-09-04T08:36:54","slug":"meta-falha-com-tse-e-omite-dados-de-perfis-falsos-contra-flavio","status":"publish","type":"post","link":"https:\/\/acontecenafronteira.com.br\/index.php\/2026\/09\/04\/meta-falha-com-tse-e-omite-dados-de-perfis-falsos-contra-flavio\/","title":{"rendered":"Meta falha com TSE e omite dados de perfis falsos contra Fl\u00e1vio"},"content":{"rendered":"<p>A <b>Meta<\/b> falhou em cumprir o prazo determinado pelo <b>Tribunal Superior Eleitoral<\/b> e ainda n\u00e3o repassou \u00e0 Corte as informa\u00e7\u00f5es solicitadas sobre contas falsas apontadas em supostas agress\u00f5es virtuais contra o senador e pr\u00e9-candidato presidencial <b>Fl\u00e1vio Bolsonaro<\/b>.<\/p>\n<h2>Investiga\u00e7\u00e3o no Tribunal Superior Eleitoral<\/h2>\n<p>O pedido de dados foi formalizado pela Justi\u00e7a Eleitoral ap\u00f3s uma representa\u00e7\u00e3o apresentada em 20 de julho pelo senador <b>Rog\u00e9rio Marinho<\/b>, que coordena a pr\u00e9-campanha do pol\u00edtico do PL. A den\u00fancia aponta a exist\u00eancia de perfis inaut\u00eanticos dedicados a desferir ataques sistem\u00e1ticos nas redes sociais.<\/p>\n<h2>Esquema milion\u00e1rio nas redes sociais<\/h2>\n<p>De acordo com os apontamentos da coordena\u00e7\u00e3o da campanha, foram mapeadas ao menos 20 mil contas suspeitas. O grupo teria movimentado aproximadamente R$ 20 milh\u00f5es com o objetivo de impulsionar publica\u00e7\u00f5es contendo acusa\u00e7\u00f5es e conte\u00fados difamat\u00f3rios contra o parlamentar.<\/p>\n<h2>Reuni\u00e3o com a c\u00fapula da Corte<\/h2>\n<p>Para acelerar as apura\u00e7\u00f5es, o senador Rog\u00e9rio Marinho chegou a realizar um encontro presencial com o presidente do TSE, ministro Kassio Nunes Marques, a fim de detalhar a gravidade da situa\u00e7\u00e3o e pedir celeridade na obten\u00e7\u00e3o dos registros junto \u00e0 empresa de tecnologia.<\/p>\n<p>O caso segue sob an\u00e1lise dos magistrados, enquanto a expectativa se concentra em uma poss\u00edvel nova manifesta\u00e7\u00e3o do tribunal diante da aus\u00eancia de resposta da plataforma dentro do cronograma estipulado.<\/p>\n<p>Por Reda\u00e7\u00e3o Acontece<\/p>\n<p>Foto: Reprodu\u00e7\u00e3o \/ Redes Sociais<\/p>\n","protected":false},"excerpt":{"rendered":"<p>A Meta falhou em cumprir o prazo determinado pelo Tribunal Superior Eleitoral e ainda n\u00e3o repassou \u00e0 Corte as informa\u00e7\u00f5es solicitadas sobre contas falsas apontadas em supostas agress\u00f5es virtuais contra o senador e pr\u00e9-candidato presidencial Fl\u00e1vio Bolsonaro. Investiga\u00e7\u00e3o no Tribunal Superior Eleitoral O pedido de dados foi formalizado pela Justi\u00e7a Eleitoral ap\u00f3s uma representa\u00e7\u00e3o apresentada [&hellip;]<\/p>\n","protected":false},"author":0,"featured_media":34963,"comment_status":"open","ping_status":"open","sticky":false,"template":"","format":"standard","meta":{"footnotes":""},"categories":[6],"tags":[],"class_list":["post-34958","post","type-post","status-publish","format-standard","has-post-thumbnail","hentry","category-mercosul"],"_links":{"self":[{"href":"https:\/\/acontecenafronteira.com.br\/index.php\/wp-json\/wp\/v2\/posts\/34958","targetHints":{"allow":["GET"]}}],"collection":[{"href":"https:\/\/acontecenafronteira.com.br\/index.php\/wp-json\/wp\/v2\/posts"}],"about":[{"href":"https:\/\/acontecenafronteira.com.br\/index.php\/wp-json\/wp\/v2\/types\/post"}],"replies":[{"embeddable":true,"href":"https:\/\/acontecenafronteira.com.br\/index.php\/wp-json\/wp\/v2\/comments?post=34958"}],"version-history":[{"count":1,"href":"https:\/\/acontecenafronteira.com.br\/index.php\/wp-json\/wp\/v2\/posts\/34958\/revisions"}],"predecessor-version":[{"id":34962,"href":"https:\/\/acontecenafronteira.com.br\/index.php\/wp-json\/wp\/v2\/posts\/34958\/revisions\/34962"}],"wp:featuredmedia":[{"embeddable":true,"href":"https:\/\/acontecenafronteira.com.br\/index.php\/wp-json\/wp\/v2\/media\/34963"}],"wp:attachment":[{"href":"https:\/\/acontecenafronteira.com.br\/index.php\/wp-json\/wp\/v2\/media?parent=34958"}],"wp:term":[{"taxonomy":"category","embeddable":true,"href":"https:\/\/acontecenafronteira.com.br\/index.php\/wp-json\/wp\/v2\/categories?post=34958"},{"taxonomy":"post_tag","embeddable":true,"href":"https:\/\/acontecenafronteira.com.br\/index.php\/wp-json\/wp\/v2\/tags?post=34958"}],"curies":[{"name":"wp","href":"https:\/\/api.w.org\/{rel}","templated":true}]}}