{"id":34949,"date":"2026-09-04T05:36:37","date_gmt":"2026-09-04T08:36:37","guid":{"rendered":"https:\/\/acontecenafronteira.com.br\/?p=34949"},"modified":"2026-09-04T05:36:37","modified_gmt":"2026-09-04T08:36:37","slug":"lula-aposta-em-reforma-do-judiciario-apos-crise-no-stf","status":"publish","type":"post","link":"https:\/\/acontecenafronteira.com.br\/index.php\/2026\/09\/04\/lula-aposta-em-reforma-do-judiciario-apos-crise-no-stf\/","title":{"rendered":"Lula aposta em reforma do Judici\u00e1rio ap\u00f3s crise no STF"},"content":{"rendered":"<p>O presidente Luiz In\u00e1cio Lula da Silva assumiu a defesa de uma <strong>reforma do Judici\u00e1rio<\/strong> como resposta estrat\u00e9gica para conter os impactos da crise institucional no Supremo Tribunal Federal (STF) sobre sua campanha de reelei\u00e7\u00e3o.<\/p>\n<h2>Impactos pol\u00edticos do caso Banco Master<\/h2>\n<p>A movimenta\u00e7\u00e3o do Pal\u00e1cio do Planalto ocorre em meio \u00e0 escalada de tens\u00f5es envolvendo o <strong>caso Banco Master<\/strong>, que tem gerado instabilidade nos Tr\u00eas Poderes e preocupa\u00e7\u00e3o na base governista.<\/p>\n<h2>Estrat\u00e9gia de blindagem eleitoral<\/h2>\n<p>A articula\u00e7\u00e3o em torno de mudan\u00e7as estruturais na Justi\u00e7a \u00e9 vista por aliados como um instrumento essencial para <strong>proteger o projeto pol\u00edtico<\/strong> do atual governo frente \u00e0s turbul\u00eancias jur\u00eddicas recentes.<\/p>\n<p>A avalia\u00e7\u00e3o interna aponta que a instabilidade na mais alta corte do pa\u00eds amea\u00e7a a <strong>agenda econ\u00f4mica e social<\/strong>, exigindo uma resposta institucional en\u00e9rgica por parte do Executivo.<\/p>\n<p>Enquanto os debates avan\u00e7am nos bastidores de Bras\u00edlia, o governo tenta costurar apoios para evitar que o desgaste institucional afete a <strong>governabilidade e a corrida eleitoral<\/strong> do pr\u00f3ximo per\u00edodo.<\/p>\n<p>Por Reda\u00e7\u00e3o Acontece<\/p>\n<p>Cr\u00e9ditos da imagem: Reprodu\u00e7\u00e3o \/ Ag\u00eancia Brasil<\/p>\n","protected":false},"excerpt":{"rendered":"<p>O presidente Luiz In\u00e1cio Lula da Silva assumiu a defesa de uma reforma do Judici\u00e1rio como resposta estrat\u00e9gica para conter os impactos da crise institucional no Supremo Tribunal Federal (STF) sobre sua campanha de reelei\u00e7\u00e3o. Impactos pol\u00edticos do caso Banco Master A movimenta\u00e7\u00e3o do Pal\u00e1cio do Planalto ocorre em meio \u00e0 escalada de tens\u00f5es envolvendo [&hellip;]<\/p>\n","protected":false},"author":0,"featured_media":34957,"comment_status":"open","ping_status":"open","sticky":false,"template":"","format":"standard","meta":{"footnotes":""},"categories":[28],"tags":[],"class_list":["post-34949","post","type-post","status-publish","format-standard","has-post-thumbnail","hentry","category-mundo"],"_links":{"self":[{"href":"https:\/\/acontecenafronteira.com.br\/index.php\/wp-json\/wp\/v2\/posts\/34949","targetHints":{"allow":["GET"]}}],"collection":[{"href":"https:\/\/acontecenafronteira.com.br\/index.php\/wp-json\/wp\/v2\/posts"}],"about":[{"href":"https:\/\/acontecenafronteira.com.br\/index.php\/wp-json\/wp\/v2\/types\/post"}],"replies":[{"embeddable":true,"href":"https:\/\/acontecenafronteira.com.br\/index.php\/wp-json\/wp\/v2\/comments?post=34949"}],"version-history":[{"count":1,"href":"https:\/\/acontecenafronteira.com.br\/index.php\/wp-json\/wp\/v2\/posts\/34949\/revisions"}],"predecessor-version":[{"id":34956,"href":"https:\/\/acontecenafronteira.com.br\/index.php\/wp-json\/wp\/v2\/posts\/34949\/revisions\/34956"}],"wp:featuredmedia":[{"embeddable":true,"href":"https:\/\/acontecenafronteira.com.br\/index.php\/wp-json\/wp\/v2\/media\/34957"}],"wp:attachment":[{"href":"https:\/\/acontecenafronteira.com.br\/index.php\/wp-json\/wp\/v2\/media?parent=34949"}],"wp:term":[{"taxonomy":"category","embeddable":true,"href":"https:\/\/acontecenafronteira.com.br\/index.php\/wp-json\/wp\/v2\/categories?post=34949"},{"taxonomy":"post_tag","embeddable":true,"href":"https:\/\/acontecenafronteira.com.br\/index.php\/wp-json\/wp\/v2\/tags?post=34949"}],"curies":[{"name":"wp","href":"https:\/\/api.w.org\/{rel}","templated":true}]}}