{"id":34946,"date":"2026-09-04T05:36:03","date_gmt":"2026-09-04T08:36:03","guid":{"rendered":"https:\/\/acontecenafronteira.com.br\/?p=34946"},"modified":"2026-09-04T05:36:03","modified_gmt":"2026-09-04T08:36:03","slug":"mercado-ilegal-falsificacoes-e-concorrencia-desleal-no-varejo","status":"publish","type":"post","link":"https:\/\/acontecenafronteira.com.br\/index.php\/2026\/09\/04\/mercado-ilegal-falsificacoes-e-concorrencia-desleal-no-varejo\/","title":{"rendered":"Mercado Ilegal: Falsifica\u00e7\u00f5es e Concorr\u00eancia Desleal no Varejo"},"content":{"rendered":"<p>O avan\u00e7o do mercado ilegal e a forte presen\u00e7a de produtos falsificados nas principais metr\u00f3poles brasileiras escancaram o desafio enfrentado por quem atua no com\u00e9rcio formal e paga impostos regularmente. Em bairros movimentados, como Copacabana, no Rio de Janeiro, cal\u00e7adas inteiras viram pontos de venda a c\u00e9u aberto para mercadorias piratas, desde \u00f3culos de grife at\u00e9 camisas de sele\u00e7\u00f5es e bolsas, evidenciando a normaliza\u00e7\u00e3o da economia subterr\u00e2nea.<\/p>\n<h2>O Impacto Bilion\u00e1rio da Economia Subterr\u00e2nea no Brasil<\/h2>\n<p>A Confedera\u00e7\u00e3o Nacional do Com\u00e9rcio (CNC) aponta que o mercado ilegal movimentou impressionantes <strong>R$ 179,2 bilh\u00f5es<\/strong> em 2025, o que representa 13,8% das vendas em setores como vestu\u00e1rio, eletroeletr\u00f4nicos, farm\u00e1cias e combust\u00edveis. O setor de combust\u00edveis e lubrificantes lidera o faturamento da ilegalidade, acumulando cerca de R$ 100 bilh\u00f5es, impulsionado pela dificuldade do consumidor em atestar a proced\u00eancia do produto na hora da compra.<\/p>\n<h2>A Vis\u00e3o do Consumidor e o Sofrimento do Lojista Formal<\/h2>\n<p>Pesquisas do Instituto Fecom\u00e9rcio RJ revelam que <strong>78,3% dos compradores<\/strong> da regi\u00e3o metropolitana buscam o mercado informal atra\u00eddos pelos pre\u00e7os mais baixos. Para a maioria, a economia \u00e9 justificada pela aus\u00eancia de tributos ou pela origem il\u00edcita dos itens, como cargas roubadas. Enquanto isso, lojistas formais enfrentam quedas expressivas nas vendas, concorr\u00eancia desleal e polui\u00e7\u00e3o sonora e visual nas portas de seus estabelecimentos.<\/p>\n<h2>A\u00e7\u00e3o das Autoridades e o Desafio da Log\u00edstica Criminosa<\/h2>\n<p>As for\u00e7as de seguran\u00e7a e \u00f3rg\u00e3os de fiscaliza\u00e7\u00e3o intensificaram o combate \u00e0 pirataria, com aumentos expressivos nas apreens\u00f5es realizadas pela Receita Federal e por delegacias especializadas, como a DRCPIM. No entanto, especialistas em seguran\u00e7a p\u00fablica alertam que a complexidade da log\u00edstica e a falta de dados precisos sobre a cadeia de abastecimento dificultam o combate a essas organiza\u00e7\u00f5es criminosas, que contam tanto com produtos importados quanto com fabrica\u00e7\u00e3o clandestina nacional.<\/p>\n<p>Por Reda\u00e7\u00e3o Acontece<\/p>\n<p>Cr\u00e9ditos da imagem: Divulga\u00e7\u00e3o \/ Arquivo<\/p>\n","protected":false},"excerpt":{"rendered":"<p>O avan\u00e7o do mercado ilegal e a forte presen\u00e7a de produtos falsificados nas principais metr\u00f3poles brasileiras escancaram o desafio enfrentado por quem atua no com\u00e9rcio formal e paga impostos regularmente. Em bairros movimentados, como Copacabana, no Rio de Janeiro, cal\u00e7adas inteiras viram pontos de venda a c\u00e9u aberto para mercadorias piratas, desde \u00f3culos de grife [&hellip;]<\/p>\n","protected":false},"author":0,"featured_media":34951,"comment_status":"open","ping_status":"open","sticky":false,"template":"","format":"standard","meta":{"footnotes":""},"categories":[28],"tags":[],"class_list":["post-34946","post","type-post","status-publish","format-standard","has-post-thumbnail","hentry","category-mundo"],"_links":{"self":[{"href":"https:\/\/acontecenafronteira.com.br\/index.php\/wp-json\/wp\/v2\/posts\/34946","targetHints":{"allow":["GET"]}}],"collection":[{"href":"https:\/\/acontecenafronteira.com.br\/index.php\/wp-json\/wp\/v2\/posts"}],"about":[{"href":"https:\/\/acontecenafronteira.com.br\/index.php\/wp-json\/wp\/v2\/types\/post"}],"replies":[{"embeddable":true,"href":"https:\/\/acontecenafronteira.com.br\/index.php\/wp-json\/wp\/v2\/comments?post=34946"}],"version-history":[{"count":1,"href":"https:\/\/acontecenafronteira.com.br\/index.php\/wp-json\/wp\/v2\/posts\/34946\/revisions"}],"predecessor-version":[{"id":34950,"href":"https:\/\/acontecenafronteira.com.br\/index.php\/wp-json\/wp\/v2\/posts\/34946\/revisions\/34950"}],"wp:featuredmedia":[{"embeddable":true,"href":"https:\/\/acontecenafronteira.com.br\/index.php\/wp-json\/wp\/v2\/media\/34951"}],"wp:attachment":[{"href":"https:\/\/acontecenafronteira.com.br\/index.php\/wp-json\/wp\/v2\/media?parent=34946"}],"wp:term":[{"taxonomy":"category","embeddable":true,"href":"https:\/\/acontecenafronteira.com.br\/index.php\/wp-json\/wp\/v2\/categories?post=34946"},{"taxonomy":"post_tag","embeddable":true,"href":"https:\/\/acontecenafronteira.com.br\/index.php\/wp-json\/wp\/v2\/tags?post=34946"}],"curies":[{"name":"wp","href":"https:\/\/api.w.org\/{rel}","templated":true}]}}