{"id":34938,"date":"2026-09-04T04:37:02","date_gmt":"2026-09-04T07:37:02","guid":{"rendered":"https:\/\/acontecenafronteira.com.br\/?p=34938"},"modified":"2026-09-04T04:37:02","modified_gmt":"2026-09-04T07:37:02","slug":"agenda-dos-candidatos-a-presidencia-veja-os-compromissos","status":"publish","type":"post","link":"https:\/\/acontecenafronteira.com.br\/index.php\/2026\/09\/04\/agenda-dos-candidatos-a-presidencia-veja-os-compromissos\/","title":{"rendered":"Agenda dos candidatos \u00e0 Presid\u00eancia: veja os compromissos"},"content":{"rendered":"<p>As atividades de campanha dos candidatos \u00e0 Presid\u00eancia da Rep\u00fablica para esta sexta-feira (4\/9) espalham-se por diversas regi\u00f5es do pa\u00eds, englobando sabatinas na imprensa, reuni\u00f5es pol\u00edticas, atos p\u00fablicos e visitas t\u00e9cnicas.<\/p>\n<h2>Compromissos dos presidenci\u00e1veis em destaque<\/h2>\n<p>A programa\u00e7\u00e3o oficial sofreu altera\u00e7\u00f5es de \u00faltima hora devido a ajustes log\u00edsticos e decis\u00f5es judiciais, refletindo a din\u00e2mica intensa do per\u00edodo eleitoral.<\/p>\n<h3>Lula e Fl\u00e1vio Bolsonaro<\/h3>\n<p>O candidato <b>Luiz In\u00e1cio Lula da Silva<\/b> (PT) come\u00e7a o dia em Bras\u00edlia (DF), onde participa \u00e0s 10h de atos sobre san\u00e7\u00f5es a fundos do sistema de Justi\u00e7a no Pal\u00e1cio do Planalto. \u00c0 tarde, viaja para o Cear\u00e1 para vistoriar as obras do Cintur\u00e3o das \u00c1guas, em Juazeiro do Norte e Crato. J\u00e1 <b>Fl\u00e1vio Bolsonaro<\/b> (PL) foca sua agenda no estado de S\u00e3o Paulo, passando por S\u00e3o Carlos para visitar um hub de inova\u00e7\u00e3o ao lado do governador Tarc\u00edsio de Freitas e realizar um com\u00edcio no Mercado Municipal.<\/p>\n<h3>Romeu Zema e Ronaldo Caiado<\/h3>\n<p>Em S\u00e3o Paulo (SP), <b>Romeu Zema<\/b> (Novo) cumpre agenda cheia com sabatina no Estad\u00e3o, encontro com o setor produtivo da regi\u00e3o central e participa\u00e7\u00e3o em sabatina da CNN \u00e0 noite. No mesmo estado, <b>Ronaldo Caiado<\/b> (PSD) marca presen\u00e7a em sabatinas ao vivo para UOL\/Folha de S.Paulo e para o programa da revista Veja, al\u00e9m de visitar o escrit\u00f3rio do Google no IPT.<\/p>\n<h2>Outros candidatos e suspens\u00f5es na corrida<\/h2>\n<p>A disputa tamb\u00e9m registra atividades intensas no interior paulista e na Bahia, enquanto outras campanhas optaram por manter reuni\u00f5es internas ou suspender eventos p\u00fablicos.<\/p>\n<h3>Augusto Cury e Hertz Dias<\/h3>\n<p><b>Augusto Cury<\/b> (Avante) agenda compromissos em S\u00e3o Jos\u00e9 do Rio Preto (SP), incluindo almo\u00e7o com l\u00edderes empresariais do LIDE, visita \u00e0 Funfarme, passagem pelo Mercado Municipal e evento em escola bil\u00edngue. Na Bahia, <b>Hertz Dias<\/b> (PSTU) concentra sua campanha em Alagoinhas, com entrevistas a r\u00e1dios locais, panfletagem na Central de Abastecimento e debate com eleitores.<\/p>\n<p>Vale destacar que a campanha de <b>Pablo Mar\u00e7al<\/b> (PRTB) permanece com as atividades suspensas em decorr\u00eancia de determina\u00e7\u00e3o do Tribunal Superior Eleitoral (TSE). Outros nomes, como Renan Santos (Miss\u00e3o), Edmilson Costa (PCB), Samara Martins (UP), Rui Costa Pimenta (PCO) e Clariana Bar\u00e3o (DC), n\u00e3o divulgaram compromissos p\u00fablicos para esta data.<\/p>\n<p>Por Reda\u00e7\u00e3o Acontece<\/p>\n<p>Foto: Divulga\u00e7\u00e3o\/Campanha<\/p>\n","protected":false},"excerpt":{"rendered":"<p>As atividades de campanha dos candidatos \u00e0 Presid\u00eancia da Rep\u00fablica para esta sexta-feira (4\/9) espalham-se por diversas regi\u00f5es do pa\u00eds, englobando sabatinas na imprensa, reuni\u00f5es pol\u00edticas, atos p\u00fablicos e visitas t\u00e9cnicas. Compromissos dos presidenci\u00e1veis em destaque A programa\u00e7\u00e3o oficial sofreu altera\u00e7\u00f5es de \u00faltima hora devido a ajustes log\u00edsticos e decis\u00f5es judiciais, refletindo a din\u00e2mica intensa [&hellip;]<\/p>\n","protected":false},"author":0,"featured_media":34945,"comment_status":"open","ping_status":"open","sticky":false,"template":"","format":"standard","meta":{"footnotes":""},"categories":[6],"tags":[],"class_list":["post-34938","post","type-post","status-publish","format-standard","has-post-thumbnail","hentry","category-mercosul"],"_links":{"self":[{"href":"https:\/\/acontecenafronteira.com.br\/index.php\/wp-json\/wp\/v2\/posts\/34938","targetHints":{"allow":["GET"]}}],"collection":[{"href":"https:\/\/acontecenafronteira.com.br\/index.php\/wp-json\/wp\/v2\/posts"}],"about":[{"href":"https:\/\/acontecenafronteira.com.br\/index.php\/wp-json\/wp\/v2\/types\/post"}],"replies":[{"embeddable":true,"href":"https:\/\/acontecenafronteira.com.br\/index.php\/wp-json\/wp\/v2\/comments?post=34938"}],"version-history":[{"count":1,"href":"https:\/\/acontecenafronteira.com.br\/index.php\/wp-json\/wp\/v2\/posts\/34938\/revisions"}],"predecessor-version":[{"id":34944,"href":"https:\/\/acontecenafronteira.com.br\/index.php\/wp-json\/wp\/v2\/posts\/34938\/revisions\/34944"}],"wp:featuredmedia":[{"embeddable":true,"href":"https:\/\/acontecenafronteira.com.br\/index.php\/wp-json\/wp\/v2\/media\/34945"}],"wp:attachment":[{"href":"https:\/\/acontecenafronteira.com.br\/index.php\/wp-json\/wp\/v2\/media?parent=34938"}],"wp:term":[{"taxonomy":"category","embeddable":true,"href":"https:\/\/acontecenafronteira.com.br\/index.php\/wp-json\/wp\/v2\/categories?post=34938"},{"taxonomy":"post_tag","embeddable":true,"href":"https:\/\/acontecenafronteira.com.br\/index.php\/wp-json\/wp\/v2\/tags?post=34938"}],"curies":[{"name":"wp","href":"https:\/\/api.w.org\/{rel}","templated":true}]}}