{"id":34936,"date":"2026-09-04T04:36:49","date_gmt":"2026-09-04T07:36:49","guid":{"rendered":"https:\/\/acontecenafronteira.com.br\/?p=34936"},"modified":"2026-09-04T04:36:49","modified_gmt":"2026-09-04T07:36:49","slug":"eleicoes-2026-politica-externa-vira-foco-e-desafia-futuro-presidente","status":"publish","type":"post","link":"https:\/\/acontecenafronteira.com.br\/index.php\/2026\/09\/04\/eleicoes-2026-politica-externa-vira-foco-e-desafia-futuro-presidente\/","title":{"rendered":"Elei\u00e7\u00f5es 2026: Pol\u00edtica externa vira foco e desafia futuro presidente"},"content":{"rendered":"<p>As discuss\u00f5es internacionais ganharam um peso in\u00e9dito na disputa pela Presid\u00eancia da Rep\u00fablica em 2026, impulsionadas por um cen\u00e1rio de profundas instabilidades geopol\u00edticas, disputas comerciais e novos debates sobre a soberania nacional. Nos planos de governo apresentados pelos postulantes ao Pal\u00e1cio do Planalto, a agenda externa ocupa espa\u00e7o central com diretrizes que v\u00e3o desde a seguran\u00e7a nas fronteiras at\u00e9 a explora\u00e7\u00e3o estrat\u00e9gica de recursos minerais.<\/p>\n<h2>O impacto das san\u00e7\u00f5es e a estrat\u00e9gia eleitoral<\/h2>\n<p>\nA guinada na campanha ocorreu ap\u00f3s a imposi\u00e7\u00e3o de barreiras tarif\u00e1rias e san\u00e7\u00f5es econ\u00f4micas por parte dos Estados Unidos no segundo semestre de 2025. Desde ent\u00e3o, o atual mandat\u00e1rio e candidato \u00e0 reelei\u00e7\u00e3o, Luiz In\u00e1cio Lula da Silva, e seus principais advers\u00e1rios passaram a utilizar o tema como ferramenta crucial para mobilizar o eleitorado e buscar vantagens pol\u00edticas.<\/p>\n<p>Analistas apontam que a importa\u00e7\u00e3o de pautas globais para o debate interno segue uma cartilha j\u00e1 adotada por outras figuras de proje\u00e7\u00e3o internacional, a exemplo de Donald Trump diante de medidas protecionistas e Vladimir Putin no contexto do conflito na Ucr\u00e2nia. Desse modo, gerir os la\u00e7os com Washington, expandir acordos comerciais e estreitar os la\u00e7os com os vizinhos sul-americanos figuram entre os maiores obst\u00e1culos para quem vencer o pleito.<\/p>\n<h2>Cen\u00e1rios para a rela\u00e7\u00e3o bilateral com os Estados Unidos<\/h2>\n<p>\nEspecialistas em rela\u00e7\u00f5es internacionais destacam a necessidade de o pr\u00f3ximo chefe do Executivo adotar uma postura de equil\u00edbrio entre pot\u00eancias globais como Estados Unidos, China e Uni\u00e3o Europeia em um momento de intensa fragmenta\u00e7\u00e3o do mercado mundial.<\/p>\n<p>Caso o candidato do PL, Fl\u00e1vio Bolsonaro, conquiste a vit\u00f3ria nas urnas em outubro, analistas preveem um estreitamento mais acentuado com a administra\u00e7\u00e3o norte-americana. Por outro lado, a eventual recondu\u00e7\u00e3o de Lula a um quarto mandato tenderia a manter a estabilidade diplom\u00e1tica com a Casa Branca, mesmo diante dos atritos recentes, amparada pelas proje\u00e7\u00f5es de desgaste pol\u00edtico interno do atual governo republicano.<\/p>\n<p>Al\u00e9m disso, a Estrat\u00e9gia Nacional de Defesa dos EUA enxerga a Am\u00e9rica Latina como \u00e1rea priorit\u00e1ria para sua seguran\u00e7a nacional, exigindo alinhamento estrat\u00e9gico e cobrando o cumprimento de interesses compartilhados, o que torna a rela\u00e7\u00e3o diplom\u00e1tica imprevis\u00edvel e vol\u00e1til para qualquer gestor brasileiro.<\/p>\n<h2>Desafios comerciais e integra\u00e7\u00e3o regional<\/h2>\n<p>\nPara al\u00e9m das grandes pot\u00eancias, o futuro presidente precisar\u00e1 articular a diplomacia com o desenvolvimento econ\u00f4mico interno.<\/p>\n<p>&#8220;O Brasil \u00e9 ouvido em f\u00f3runs internacionais, participa do G20, dos Brics e do Mercosul e possui dimens\u00f5es territorial, agr\u00edcola, energ\u00e9tica e ambiental relevantes. Mas influ\u00eancia diplom\u00e1tica n\u00e3o se converte automaticamente em produtividade, investimento ou tecnologia&#8221;, aponta um especialista na \u00e1rea de neg\u00f3cios internacionais, ressaltando a urg\u00eancia de conectar o Itamaraty e as pol\u00edticas de com\u00e9rcio exterior \u00e0 ind\u00fastria nacional.<\/p>\n<p>No \u00e2mbito regional, a integra\u00e7\u00e3o com vizinhos sul-americanos exigir\u00e1 pragmatismo, superando diverg\u00eancias ideol\u00f3gicas para tratar de temas vitais como infraestrutura transfronteiri\u00e7a, transi\u00e7\u00e3o energ\u00e9tica e o enfrentamento ao narcotr\u00e1fico, garantindo que acordos como o Mercosul resistam \u00e0s altern\u00e2ncias de poder pol\u00edtico no pa\u00eds.<\/p>\n<p>Por Reda\u00e7\u00e3o Acontece<\/p>\n<p>Cr\u00e9ditos da imagem: Ricardo Stuckert \/ PR<\/p>\n","protected":false},"excerpt":{"rendered":"<p>As discuss\u00f5es internacionais ganharam um peso in\u00e9dito na disputa pela Presid\u00eancia da Rep\u00fablica em 2026, impulsionadas por um cen\u00e1rio de profundas instabilidades geopol\u00edticas, disputas comerciais e novos debates sobre a soberania nacional. Nos planos de governo apresentados pelos postulantes ao Pal\u00e1cio do Planalto, a agenda externa ocupa espa\u00e7o central com diretrizes que v\u00e3o desde a [&hellip;]<\/p>\n","protected":false},"author":0,"featured_media":34942,"comment_status":"open","ping_status":"open","sticky":false,"template":"","format":"standard","meta":{"footnotes":""},"categories":[6],"tags":[],"class_list":["post-34936","post","type-post","status-publish","format-standard","has-post-thumbnail","hentry","category-mercosul"],"_links":{"self":[{"href":"https:\/\/acontecenafronteira.com.br\/index.php\/wp-json\/wp\/v2\/posts\/34936","targetHints":{"allow":["GET"]}}],"collection":[{"href":"https:\/\/acontecenafronteira.com.br\/index.php\/wp-json\/wp\/v2\/posts"}],"about":[{"href":"https:\/\/acontecenafronteira.com.br\/index.php\/wp-json\/wp\/v2\/types\/post"}],"replies":[{"embeddable":true,"href":"https:\/\/acontecenafronteira.com.br\/index.php\/wp-json\/wp\/v2\/comments?post=34936"}],"version-history":[{"count":1,"href":"https:\/\/acontecenafronteira.com.br\/index.php\/wp-json\/wp\/v2\/posts\/34936\/revisions"}],"predecessor-version":[{"id":34941,"href":"https:\/\/acontecenafronteira.com.br\/index.php\/wp-json\/wp\/v2\/posts\/34936\/revisions\/34941"}],"wp:featuredmedia":[{"embeddable":true,"href":"https:\/\/acontecenafronteira.com.br\/index.php\/wp-json\/wp\/v2\/media\/34942"}],"wp:attachment":[{"href":"https:\/\/acontecenafronteira.com.br\/index.php\/wp-json\/wp\/v2\/media?parent=34936"}],"wp:term":[{"taxonomy":"category","embeddable":true,"href":"https:\/\/acontecenafronteira.com.br\/index.php\/wp-json\/wp\/v2\/categories?post=34936"},{"taxonomy":"post_tag","embeddable":true,"href":"https:\/\/acontecenafronteira.com.br\/index.php\/wp-json\/wp\/v2\/tags?post=34936"}],"curies":[{"name":"wp","href":"https:\/\/api.w.org\/{rel}","templated":true}]}}