{"id":34925,"date":"2026-09-04T04:36:10","date_gmt":"2026-09-04T07:36:10","guid":{"rendered":"https:\/\/acontecenafronteira.com.br\/?p=34925"},"modified":"2026-09-04T04:36:10","modified_gmt":"2026-09-04T07:36:10","slug":"voo-261-relembre-o-tragico-acidente-que-comoveu-a-aviacao","status":"publish","type":"post","link":"https:\/\/acontecenafronteira.com.br\/index.php\/2026\/09\/04\/voo-261-relembre-o-tragico-acidente-que-comoveu-a-aviacao\/","title":{"rendered":"Voo 261: Relembre o tr\u00e1gico acidente que comoveu a avia\u00e7\u00e3o"},"content":{"rendered":"<p>No dia 31 de janeiro de 2000, o <b>voo 261 da Alaska Airlines<\/b> terminou em trag\u00e9dia quando um McDonnell Douglas MD-83 caiu nas \u00e1guas do Oceano Pac\u00edfico, perto da costa da Calif\u00f3rnia, resultando na morte de todas as 88 pessoas a bordo.<\/p>\n<p>H2 Falha mec\u00e2nica e hist\u00f3rico de manuten\u00e7\u00e3o H3<\/p>\n<p>As investiga\u00e7\u00f5es posteriores revelaram que o acidente teve ra\u00edzes em anos de neglig\u00eancia na manuten\u00e7\u00e3o de um componente crucial conhecido como parafuso de ajuste, que controlava a inclina\u00e7\u00e3o da aeronave.<\/p>\n<p>H2 A luta desesperada dos pilotos no ar H3<\/p>\n<p>A viagem havia decolado de Puerto Vallarta, no M\u00e9xico, com destino final em Seattle, mas precisou de um desvio de emerg\u00eancia para Los Angeles ap\u00f3s falhas no sistema. Durante mais de trinta minutos, o comandante Ted Thompson e o primeiro oficial William Tansky tentaram dominar o avi\u00e3o.<\/p>\n<p>H2 O mergulho final e o hero\u00edsmo na cabine H3<\/p>\n<p>\u00c0s 16h08, o estabilizador falhou drasticamente, lan\u00e7ando o jato em um mergulho abrupto. Embora tenham conseguido estabilizar a aeronave momentaneamente \u2014 momento em que o comandante tentou acalmar os passageiros \u2014, uma nova pane catastr\u00f3fica fez o avi\u00e3o capotar no ar.<\/p>\n<p>Mesmo com a aeronave de cabe\u00e7a para baixo, os profissionais lutaram at\u00e9 o \u00faltimo segundo, eternizados pelas \u00faltimas palavras do comandante antes da queda fatal a cinco quil\u00f4metros da Ilha de Anacapa.<\/p>\n<p>Por Reda\u00e7\u00e3o Acontece<\/p>\n<p>Cr\u00e9ditos da imagem: Divulga\u00e7\u00e3o \/ Arquivo Hist\u00f3rico da Avia\u00e7\u00e3o<\/p>\n","protected":false},"excerpt":{"rendered":"<p>No dia 31 de janeiro de 2000, o voo 261 da Alaska Airlines terminou em trag\u00e9dia quando um McDonnell Douglas MD-83 caiu nas \u00e1guas do Oceano Pac\u00edfico, perto da costa da Calif\u00f3rnia, resultando na morte de todas as 88 pessoas a bordo. H2 Falha mec\u00e2nica e hist\u00f3rico de manuten\u00e7\u00e3o H3 As investiga\u00e7\u00f5es posteriores revelaram que [&hellip;]<\/p>\n","protected":false},"author":0,"featured_media":34930,"comment_status":"open","ping_status":"open","sticky":false,"template":"","format":"standard","meta":{"footnotes":""},"categories":[28],"tags":[],"class_list":["post-34925","post","type-post","status-publish","format-standard","has-post-thumbnail","hentry","category-mundo"],"_links":{"self":[{"href":"https:\/\/acontecenafronteira.com.br\/index.php\/wp-json\/wp\/v2\/posts\/34925","targetHints":{"allow":["GET"]}}],"collection":[{"href":"https:\/\/acontecenafronteira.com.br\/index.php\/wp-json\/wp\/v2\/posts"}],"about":[{"href":"https:\/\/acontecenafronteira.com.br\/index.php\/wp-json\/wp\/v2\/types\/post"}],"replies":[{"embeddable":true,"href":"https:\/\/acontecenafronteira.com.br\/index.php\/wp-json\/wp\/v2\/comments?post=34925"}],"version-history":[{"count":1,"href":"https:\/\/acontecenafronteira.com.br\/index.php\/wp-json\/wp\/v2\/posts\/34925\/revisions"}],"predecessor-version":[{"id":34929,"href":"https:\/\/acontecenafronteira.com.br\/index.php\/wp-json\/wp\/v2\/posts\/34925\/revisions\/34929"}],"wp:featuredmedia":[{"embeddable":true,"href":"https:\/\/acontecenafronteira.com.br\/index.php\/wp-json\/wp\/v2\/media\/34930"}],"wp:attachment":[{"href":"https:\/\/acontecenafronteira.com.br\/index.php\/wp-json\/wp\/v2\/media?parent=34925"}],"wp:term":[{"taxonomy":"category","embeddable":true,"href":"https:\/\/acontecenafronteira.com.br\/index.php\/wp-json\/wp\/v2\/categories?post=34925"},{"taxonomy":"post_tag","embeddable":true,"href":"https:\/\/acontecenafronteira.com.br\/index.php\/wp-json\/wp\/v2\/tags?post=34925"}],"curies":[{"name":"wp","href":"https:\/\/api.w.org\/{rel}","templated":true}]}}