{"id":34912,"date":"2026-09-04T03:37:14","date_gmt":"2026-09-04T06:37:14","guid":{"rendered":"https:\/\/acontecenafronteira.com.br\/?p=34912"},"modified":"2026-09-04T03:37:14","modified_gmt":"2026-09-04T06:37:14","slug":"moro-propoe-corte-de-secretarias-e-gastos-no-governo-do-pr","status":"publish","type":"post","link":"https:\/\/acontecenafronteira.com.br\/index.php\/2026\/09\/04\/moro-propoe-corte-de-secretarias-e-gastos-no-governo-do-pr\/","title":{"rendered":"Moro prop\u00f5e corte de secretarias e gastos no governo do PR"},"content":{"rendered":"<p>O senador e candidato ao governo do Paran\u00e1, S\u00e9rgio Moro (PL), revelou nesta ter\u00e7a-feira (1\u00ba) a inten\u00e7\u00e3o de enxugar a m\u00e1quina p\u00fablica estadual caso seja eleito nas <b>elei\u00e7\u00f5es de 2026<\/b>. A proposta principal envolve a diminui\u00e7\u00e3o do n\u00famero de pastas administrativas e o corte de despesas para combater a burocracia na gest\u00e3o.<\/p>\n<h2>Proposta de enxugamento da m\u00e1quina p\u00fablica<\/h2>\n<p>Durante sabatina realizada na R\u00e1dio Banda B, na capital curitibana, o pol\u00edtico criticou o formato atual da administra\u00e7\u00e3o paranaense. Atualmente, o estado conta com 24 secretarias, um n\u00famero que, segundo o candidato, gera desconhecimento p\u00fablico sobre os ocupantes dos cargos e inefici\u00eancia.<\/p>\n<p>Em tom descontra\u00eddo, o representante do PL mencionou que pretende adotar medidas dr\u00e1sticas inspiradas no governo argentino. A ideia central \u00e9 cortar excessos e simplificar processos para otimizar o uso dos recursos p\u00fablicos.<\/p>\n<h2>Detalhes da campanha e agenda pol\u00edtica<\/h2>\n<p>Apesar de defender a redu\u00e7\u00e3o estrutural, o candidato n\u00e3o especificou quantas pastas pretende eliminar nem apresentou um c\u00e1lculo exato da economia financeira que a medida traria para o estado do Paran\u00e1.<\/p>\n<p>Ap\u00f3s a entrevista na emissora de r\u00e1dio, a agenda do pol\u00edtico incluiu a grava\u00e7\u00e3o de material para o hor\u00e1rio eleitoral gratuito e uma visita ao tradicional Mercado Municipal de Curitiba. Em seguida, ele embarcou para Bras\u00edlia para cumprir obriga\u00e7\u00f5es legislativas no Congresso Nacional.<\/p>\n<h2>Cen\u00e1rio das elei\u00e7\u00f5es 2026 no Paran\u00e1<\/h2>\n<p>A corrida eleitoral oficial teve in\u00edcio em 16 de agosto, per\u00edodo em que os candidatos est\u00e3o autorizados a realizar com\u00edcios, caminhadas, debates e pedir votos, conforme as normativas da Justi\u00e7a Eleitoral brasileira.<\/p>\n<p>O pleito para o primeiro turno est\u00e1 agendado para o dia 4 de outubro, enquanto um eventual segundo turno ocorrer\u00e1 em 25 de outubro. No total, o estado registra oito nomes na disputa pelo comando do Executivo estadual.<\/p>\n<p>A lista oficial de concorrentes inclui Adriano Teixeira (PCO), Alexandre Salom\u00e3o (Mobiliza), Luiz Fran\u00e7a (Miss\u00e3o), Requi\u00e3o Filho (PDT), Samuel Mattos (PSTU), Sandro Alex (PSD), S\u00e9rgio Moro (PL) e Tayn\u00e1 Miessa (UP).<\/p>\n<p>Por Reda\u00e7\u00e3o Acontece<\/p>\n<p>Waldemir Barreto\/Ag\u00eancia Senado<\/p>\n","protected":false},"excerpt":{"rendered":"<p>O senador e candidato ao governo do Paran\u00e1, S\u00e9rgio Moro (PL), revelou nesta ter\u00e7a-feira (1\u00ba) a inten\u00e7\u00e3o de enxugar a m\u00e1quina p\u00fablica estadual caso seja eleito nas elei\u00e7\u00f5es de 2026. A proposta principal envolve a diminui\u00e7\u00e3o do n\u00famero de pastas administrativas e o corte de despesas para combater a burocracia na gest\u00e3o. Proposta de enxugamento [&hellip;]<\/p>\n","protected":false},"author":0,"featured_media":34918,"comment_status":"open","ping_status":"open","sticky":false,"template":"","format":"standard","meta":{"footnotes":""},"categories":[18],"tags":[],"class_list":["post-34912","post","type-post","status-publish","format-standard","has-post-thumbnail","hentry","category-parana"],"_links":{"self":[{"href":"https:\/\/acontecenafronteira.com.br\/index.php\/wp-json\/wp\/v2\/posts\/34912","targetHints":{"allow":["GET"]}}],"collection":[{"href":"https:\/\/acontecenafronteira.com.br\/index.php\/wp-json\/wp\/v2\/posts"}],"about":[{"href":"https:\/\/acontecenafronteira.com.br\/index.php\/wp-json\/wp\/v2\/types\/post"}],"replies":[{"embeddable":true,"href":"https:\/\/acontecenafronteira.com.br\/index.php\/wp-json\/wp\/v2\/comments?post=34912"}],"version-history":[{"count":1,"href":"https:\/\/acontecenafronteira.com.br\/index.php\/wp-json\/wp\/v2\/posts\/34912\/revisions"}],"predecessor-version":[{"id":34917,"href":"https:\/\/acontecenafronteira.com.br\/index.php\/wp-json\/wp\/v2\/posts\/34912\/revisions\/34917"}],"wp:featuredmedia":[{"embeddable":true,"href":"https:\/\/acontecenafronteira.com.br\/index.php\/wp-json\/wp\/v2\/media\/34918"}],"wp:attachment":[{"href":"https:\/\/acontecenafronteira.com.br\/index.php\/wp-json\/wp\/v2\/media?parent=34912"}],"wp:term":[{"taxonomy":"category","embeddable":true,"href":"https:\/\/acontecenafronteira.com.br\/index.php\/wp-json\/wp\/v2\/categories?post=34912"},{"taxonomy":"post_tag","embeddable":true,"href":"https:\/\/acontecenafronteira.com.br\/index.php\/wp-json\/wp\/v2\/tags?post=34912"}],"curies":[{"name":"wp","href":"https:\/\/api.w.org\/{rel}","templated":true}]}}