{"id":34909,"date":"2026-09-04T03:36:36","date_gmt":"2026-09-04T06:36:36","guid":{"rendered":"https:\/\/acontecenafronteira.com.br\/?p=34909"},"modified":"2026-09-04T03:36:36","modified_gmt":"2026-09-04T06:36:36","slug":"frente-fria-no-parana-chuvas-retornam-no-feriadao","status":"publish","type":"post","link":"https:\/\/acontecenafronteira.com.br\/index.php\/2026\/09\/04\/frente-fria-no-parana-chuvas-retornam-no-feriadao\/","title":{"rendered":"Frente fria no Paran\u00e1: chuvas retornam no feriad\u00e3o"},"content":{"rendered":"<p>Ap\u00f3s dias de tempo firme, a <strong>previs\u00e3o do tempo<\/strong> indica que o Paran\u00e1 se prepara para a chegada de uma nova <strong>frente fria<\/strong>, que promete alterar o cen\u00e1rio meteorol\u00f3gico e trazer chuvas generalizadas para v\u00e1rias regi\u00f5es do estado durante o feriad\u00e3o.<\/p>\n<h2>Quinta-feira de tempo firme e seco<\/h2>\n<p>O estado ter\u00e1 uma quinta-feira (3) predominantemente ensolarada e est\u00e1vel. A influ\u00eancia de uma massa de ar seco e de uma \u00e1rea de alta press\u00e3o garante a aus\u00eancia de precipita\u00e7\u00f5es ao longo de todo o dia, enquanto a nova frente fria avan\u00e7a lentamente pelo extremo sul da Regi\u00e3o Sul.<\/p>\n<p>\u00c0 tarde, o calor ganha for\u00e7a, especialmente nas regi\u00f5es oeste, noroeste e norte paranaense. Contudo, moradores de \u00e1reas do interior e do leste devem redobrar a aten\u00e7\u00e3o, pois h\u00e1 emiss\u00e3o de alerta para <strong>baixa umidade do ar<\/strong> no per\u00edodo vespertino.<\/p>\n<h2>A virada do tempo na sexta-feira<\/h2>\n<p>O cen\u00e1rio come\u00e7a a mudar na sexta-feira (4), quando o sistema frontal atinge o territ\u00f3rio paranaense. A nebulosidade aumenta consideravelmente e as primeiras pancadas de chuva retornam, afetando principalmente a metade sul, a Regi\u00e3o Metropolitana de Curitiba e os setores leste e central.<\/p>\n<p>Apesar da chegada da instabilidade, as temperaturas ainda se elevam de forma expressiva antes do avan\u00e7o do ar frio, com marcas elevadas previstas principalmente para as regi\u00f5es norte e noroeste.<\/p>\n<h2>S\u00e1bado com chuvas fortes e volumes elevados<\/h2>\n<p>No s\u00e1bado (5), a instabilidade se intensifica de maneira expressiva em todo o estado. A combina\u00e7\u00e3o da frente fria com o transporte constante de umidade favorece a ocorr\u00eancia de chuvas abrangentes e com <strong>volumes elevados<\/strong>, com destaque para o centro-sul, Campos Gerais e faixa leste. Com o avan\u00e7o das nuvens carregadas e da chuva, as temperaturas m\u00e1ximas entram em decl\u00ednio acentuado.<\/p>\n<p>O domingo (6) marcar\u00e1 o enfraquecimento gradual das precipita\u00e7\u00f5es no territ\u00f3rio paranaense, conforme o sistema frontal se desloca para outras regi\u00f5es do pa\u00eds. Contudo, a circula\u00e7\u00e3o de ventos frios e a persist\u00eancia de umidade residual ainda deixam o tempo inst\u00e1vel em alguns pontos, abrindo caminho para uma queda ainda mais acentuada nas temperaturas e potencial forma\u00e7\u00e3o de geada nos dias seguintes.<\/p>\n<p>Por Reda\u00e7\u00e3o Acontece<\/p>\n<p>Jonathan Campos\/AEN<\/p>\n","protected":false},"excerpt":{"rendered":"<p>Ap\u00f3s dias de tempo firme, a previs\u00e3o do tempo indica que o Paran\u00e1 se prepara para a chegada de uma nova frente fria, que promete alterar o cen\u00e1rio meteorol\u00f3gico e trazer chuvas generalizadas para v\u00e1rias regi\u00f5es do estado durante o feriad\u00e3o. Quinta-feira de tempo firme e seco O estado ter\u00e1 uma quinta-feira (3) predominantemente ensolarada [&hellip;]<\/p>\n","protected":false},"author":0,"featured_media":34914,"comment_status":"open","ping_status":"open","sticky":false,"template":"","format":"standard","meta":{"footnotes":""},"categories":[18],"tags":[],"class_list":["post-34909","post","type-post","status-publish","format-standard","has-post-thumbnail","hentry","category-parana"],"_links":{"self":[{"href":"https:\/\/acontecenafronteira.com.br\/index.php\/wp-json\/wp\/v2\/posts\/34909","targetHints":{"allow":["GET"]}}],"collection":[{"href":"https:\/\/acontecenafronteira.com.br\/index.php\/wp-json\/wp\/v2\/posts"}],"about":[{"href":"https:\/\/acontecenafronteira.com.br\/index.php\/wp-json\/wp\/v2\/types\/post"}],"replies":[{"embeddable":true,"href":"https:\/\/acontecenafronteira.com.br\/index.php\/wp-json\/wp\/v2\/comments?post=34909"}],"version-history":[{"count":1,"href":"https:\/\/acontecenafronteira.com.br\/index.php\/wp-json\/wp\/v2\/posts\/34909\/revisions"}],"predecessor-version":[{"id":34913,"href":"https:\/\/acontecenafronteira.com.br\/index.php\/wp-json\/wp\/v2\/posts\/34909\/revisions\/34913"}],"wp:featuredmedia":[{"embeddable":true,"href":"https:\/\/acontecenafronteira.com.br\/index.php\/wp-json\/wp\/v2\/media\/34914"}],"wp:attachment":[{"href":"https:\/\/acontecenafronteira.com.br\/index.php\/wp-json\/wp\/v2\/media?parent=34909"}],"wp:term":[{"taxonomy":"category","embeddable":true,"href":"https:\/\/acontecenafronteira.com.br\/index.php\/wp-json\/wp\/v2\/categories?post=34909"},{"taxonomy":"post_tag","embeddable":true,"href":"https:\/\/acontecenafronteira.com.br\/index.php\/wp-json\/wp\/v2\/tags?post=34909"}],"curies":[{"name":"wp","href":"https:\/\/api.w.org\/{rel}","templated":true}]}}