{"id":34902,"date":"2026-09-04T02:37:25","date_gmt":"2026-09-04T05:37:25","guid":{"rendered":"https:\/\/acontecenafronteira.com.br\/?p=34902"},"modified":"2026-09-04T02:37:25","modified_gmt":"2026-09-04T05:37:25","slug":"crise-no-pdt-sp-divisao-do-fundo-eleitoral-revolta-candidatos","status":"publish","type":"post","link":"https:\/\/acontecenafronteira.com.br\/index.php\/2026\/09\/04\/crise-no-pdt-sp-divisao-do-fundo-eleitoral-revolta-candidatos\/","title":{"rendered":"Crise no PDT-SP: Divis\u00e3o do Fundo Eleitoral revolta candidatos"},"content":{"rendered":"<p>Uma forte onda de insatisfa\u00e7\u00e3o tomou conta dos bastidores do diret\u00f3rio paulista do PDT devido \u00e0 forma como os recursos financeiros para a disputa eleitoral foram repartidos entre os postulantes ao cargo de deputado federal.<\/p>\n<h2>Conflito interno e reclama\u00e7\u00f5es no aplicativo de mensagens<\/h2>\n<p>Mensagens trocadas em um grupo fechado de WhatsApp revelam um clima de revolta generalizada entre os concorrentes \u00e0 C\u00e2mara dos Deputados. V\u00e1rios participantes classificaram a divis\u00e3o como uma verdadeira injusti\u00e7a, utilizando termos severos como chacota e vergonha para descrever os montantes recebidos. Enquanto alguns nomes obtiveram repasses na faixa de R$ 400 mil, outros relataram ter recebido apenas R$ 10 mil, quantia considerada insuficiente at\u00e9 mesmo para cobrir custos b\u00e1sicos com servi\u00e7os advocat\u00edcios.<\/p>\n<h2>Disparidade de valores e falta de materiais<\/h2>\n<p>A situa\u00e7\u00e3o gerou amea\u00e7as concretas de desist\u00eancia em massa e abandono das legendas por parte de quem se sente prejudicado. O descontentamento aumenta diante da aus\u00eancia de suporte material b\u00e1sico, como panfletos e bandeiras de propaganda. Candidatos afirmam que a falta de infraestrutura inviabiliza a disputa em igualdade de condi\u00e7\u00f5es nas ruas.<\/p>\n<h2>Acusa\u00e7\u00f5es de privil\u00e9gios e crit\u00e9rio de redes sociais<\/h2>\n<p>Outro ponto nevr\u00e1lgico da discuss\u00e3o envolve a suposta prefer\u00eancia por figuras com forte presen\u00e7a digital, a exemplo de influenciadores e criadores de conte\u00fado, que teriam sido favorecidos com repasses mais expressivos. Mulheres negras que comp\u00f5em a chapa tamb\u00e9m denunciaram tratamento desigual em rela\u00e7\u00e3o a candidatas brancas, al\u00e9m de apontarem fraudes na autodeclara\u00e7\u00e3o racial para obten\u00e7\u00e3o de verbas maiores.<\/p>\n<h2>Promessas n\u00e3o cumpridas pela c\u00fapula partid\u00e1ria<\/h2>\n<p>Os concorrentes afirmam que lideran\u00e7as estaduais e nacionais haviam prometido suporte igualit\u00e1rio durante reuni\u00f5es presenciais em Bras\u00edlia. Contudo, na pr\u00e1tica, a alega\u00e7\u00e3o de restri\u00e7\u00e3o or\u00e7ament\u00e1ria colidiu com as expectativas de quem viajou horas de \u00f4nibus para buscar apoio e retornou sem o respaldo prometido.<\/p>\n<h2>Posicionamento oficial da legenda<\/h2>\n<p>Procurado pela reportagem, o diret\u00f3rio estadual optou por n\u00e3o se manifestar inicialmente. Por outro lado, o secret\u00e1rio adjunto geral da sigla no estado argumentou que a gest\u00e3o dos recursos ocorre com total responsabilidade e transpar\u00eancia, ponderando as necessidades globais da legenda. Representantes da dire\u00e7\u00e3o tamb\u00e9m ressaltaram que o partido respeita a autonomia daqueles que decidirem deixar a agremia\u00e7\u00e3o diante do cen\u00e1rio.<\/p>\n<p>Por Reda\u00e7\u00e3o Acontece<\/p>\n<p>Imagem: Reprodu\u00e7\u00e3o \/ Redes Sociais<\/p>\n","protected":false},"excerpt":{"rendered":"<p>Uma forte onda de insatisfa\u00e7\u00e3o tomou conta dos bastidores do diret\u00f3rio paulista do PDT devido \u00e0 forma como os recursos financeiros para a disputa eleitoral foram repartidos entre os postulantes ao cargo de deputado federal. Conflito interno e reclama\u00e7\u00f5es no aplicativo de mensagens Mensagens trocadas em um grupo fechado de WhatsApp revelam um clima de [&hellip;]<\/p>\n","protected":false},"author":0,"featured_media":34908,"comment_status":"open","ping_status":"open","sticky":false,"template":"","format":"standard","meta":{"footnotes":""},"categories":[6],"tags":[],"class_list":["post-34902","post","type-post","status-publish","format-standard","has-post-thumbnail","hentry","category-mercosul"],"_links":{"self":[{"href":"https:\/\/acontecenafronteira.com.br\/index.php\/wp-json\/wp\/v2\/posts\/34902","targetHints":{"allow":["GET"]}}],"collection":[{"href":"https:\/\/acontecenafronteira.com.br\/index.php\/wp-json\/wp\/v2\/posts"}],"about":[{"href":"https:\/\/acontecenafronteira.com.br\/index.php\/wp-json\/wp\/v2\/types\/post"}],"replies":[{"embeddable":true,"href":"https:\/\/acontecenafronteira.com.br\/index.php\/wp-json\/wp\/v2\/comments?post=34902"}],"version-history":[{"count":1,"href":"https:\/\/acontecenafronteira.com.br\/index.php\/wp-json\/wp\/v2\/posts\/34902\/revisions"}],"predecessor-version":[{"id":34907,"href":"https:\/\/acontecenafronteira.com.br\/index.php\/wp-json\/wp\/v2\/posts\/34902\/revisions\/34907"}],"wp:featuredmedia":[{"embeddable":true,"href":"https:\/\/acontecenafronteira.com.br\/index.php\/wp-json\/wp\/v2\/media\/34908"}],"wp:attachment":[{"href":"https:\/\/acontecenafronteira.com.br\/index.php\/wp-json\/wp\/v2\/media?parent=34902"}],"wp:term":[{"taxonomy":"category","embeddable":true,"href":"https:\/\/acontecenafronteira.com.br\/index.php\/wp-json\/wp\/v2\/categories?post=34902"},{"taxonomy":"post_tag","embeddable":true,"href":"https:\/\/acontecenafronteira.com.br\/index.php\/wp-json\/wp\/v2\/tags?post=34902"}],"curies":[{"name":"wp","href":"https:\/\/api.w.org\/{rel}","templated":true}]}}