{"id":34892,"date":"2026-09-04T02:36:17","date_gmt":"2026-09-04T05:36:17","guid":{"rendered":"https:\/\/acontecenafronteira.com.br\/?p=34892"},"modified":"2026-09-04T02:36:17","modified_gmt":"2026-09-04T05:36:17","slug":"nfl-no-rio-vendas-lentas-no-maracana-nao-preocupam-a-liga","status":"publish","type":"post","link":"https:\/\/acontecenafronteira.com.br\/index.php\/2026\/09\/04\/nfl-no-rio-vendas-lentas-no-maracana-nao-preocupam-a-liga\/","title":{"rendered":"NFL no Rio: Vendas lentas no Maracan\u00e3 n\u00e3o preocupam a liga"},"content":{"rendered":"<p>A menos de tr\u00eas semanas para a estreia da <strong>NFL no Rio de Janeiro<\/strong>, a comercializa\u00e7\u00e3o de entradas para o duelo entre <strong>Dallas Cowboys<\/strong> e <strong>Baltimore Ravens<\/strong> no <strong>Maracan\u00e3<\/strong>, marcado para o dia 27 de setembro, segue com bilhetes dispon\u00edveis, embora a liga americana de futebol americano garanta total confian\u00e7a no sucesso do espet\u00e1culo.<\/p>\n<h2>Diferen\u00e7a entre S\u00e3o Paulo e Rio de Janeiro<\/h2>\n<p>\nAo contr\u00e1rio do que ocorreu nas edi\u00e7\u00f5es anteriores realizadas na <strong>Neo Qu\u00edmica Arena<\/strong>, em S\u00e3o Paulo, nos anos de 2024 e 2025 \u2014 quando o p\u00fablico esgotou a carga total em poucas horas \u2014, a opera\u00e7\u00e3o carioca apresenta um ritmo mais cadenciado, impulsionado principalmente pela maior capacidade do est\u00e1dio e pela propor\u00e7\u00e3o de assentos corporativos e pacotes de hospitalidade.<\/p>\n<h2>Capacidade ampliada e tranquilidade da diretoria<\/h2>\n<p>\nEnquanto os eventos paulistas receberam pouco mais de 47 mil pessoas por partida, o ic\u00f4nico <strong>Maracan\u00e3<\/strong> tem condi\u00e7\u00f5es de abrigar mais de 70 mil espectadores. Questionado sobre o andamento das opera\u00e7\u00f5es, o vice-presidente executivo <strong>Peter O&#8217;Reilly<\/strong> afirmou que a din\u00e2mica atual est\u00e1 dentro do esperado para uma pra\u00e7a esportiva de grande porte.<\/p>\n<p>O dirigente destacou que a institui\u00e7\u00e3o mant\u00e9m forte entusiasmo com o envolvimento do p\u00fablico local e internacional, projetando um ambiente vibrante e lotado para a data da partida, refor\u00e7ando ainda o alinhamento positivo com os parceiros governamentais e locais.<\/p>\n<h2>Valores dos bilhetes e op\u00e7\u00f5es no Maracan\u00e3<\/h2>\n<p>\nAs comercializa\u00e7\u00f5es continuam ativas por meio da plataforma oficial da <strong>Ticketmaster<\/strong>. Os valores partem de R$ 427,50 na modalidade de meia-entrada para os setores superiores Norte e Sul, chegando a R$ 4.480,00 no setor <strong>Maracan\u00e3 Mais<\/strong>, com incid\u00eancia de taxas adicionais. Apenas a categoria mais econ\u00f4mica com vis\u00e3o centralizada, comercializada a R$ 247,50 no formato reduzido, encontra-se esgotada.<\/p>\n<p>A abertura oficial das compras para o p\u00fablico geral ocorreu em junho, ap\u00f3s um per\u00edodo inicial de pr\u00e9-venda iniciado em maio. O volume total de bilhetes colocados \u00e0 disposi\u00e7\u00e3o \u00e9 significativamente superior ao das edi\u00e7\u00f5es passadas, o que justifica a persist\u00eancia de lugares vagos no sistema online.<\/p>\n<h2>Inclus\u00e3o social e apoio ao flag football<\/h2>\n<p>\nParalelamente aos preparativos para a partida, a organiza\u00e7\u00e3o promoveu recentemente a comercializa\u00e7\u00e3o de um lote de bilhetes sociais. A medida faz parte das diretrizes da <strong>NFL Foundation<\/strong> para incentivar a modalidade do <strong>flag football<\/strong> entre crian\u00e7as e adolescentes brasileiros.<\/p>\n<p>Parte da arrecada\u00e7\u00e3o obtida com essa categoria espec\u00edfica ser\u00e1 destinada diretamente \u00e0s institui\u00e7\u00f5es <strong>Gol de Letra<\/strong> e <strong>Eprocad<\/strong>. Ambas as organiza\u00e7\u00f5es utilizam a educa\u00e7\u00e3o e as pr\u00e1ticas esportivas como ferramentas de transforma\u00e7\u00e3o social para a juventude no pa\u00eds.<\/p>\n<p>Por Reda\u00e7\u00e3o Acontece<\/p>\n<p>Divulga\u00e7\u00e3o\/NFL<\/p>\n","protected":false},"excerpt":{"rendered":"<p>A menos de tr\u00eas semanas para a estreia da NFL no Rio de Janeiro, a comercializa\u00e7\u00e3o de entradas para o duelo entre Dallas Cowboys e Baltimore Ravens no Maracan\u00e3, marcado para o dia 27 de setembro, segue com bilhetes dispon\u00edveis, embora a liga americana de futebol americano garanta total confian\u00e7a no sucesso do espet\u00e1culo. Diferen\u00e7a [&hellip;]<\/p>\n","protected":false},"author":0,"featured_media":34898,"comment_status":"open","ping_status":"open","sticky":false,"template":"","format":"standard","meta":{"footnotes":""},"categories":[28],"tags":[],"class_list":["post-34892","post","type-post","status-publish","format-standard","has-post-thumbnail","hentry","category-mundo"],"_links":{"self":[{"href":"https:\/\/acontecenafronteira.com.br\/index.php\/wp-json\/wp\/v2\/posts\/34892","targetHints":{"allow":["GET"]}}],"collection":[{"href":"https:\/\/acontecenafronteira.com.br\/index.php\/wp-json\/wp\/v2\/posts"}],"about":[{"href":"https:\/\/acontecenafronteira.com.br\/index.php\/wp-json\/wp\/v2\/types\/post"}],"replies":[{"embeddable":true,"href":"https:\/\/acontecenafronteira.com.br\/index.php\/wp-json\/wp\/v2\/comments?post=34892"}],"version-history":[{"count":1,"href":"https:\/\/acontecenafronteira.com.br\/index.php\/wp-json\/wp\/v2\/posts\/34892\/revisions"}],"predecessor-version":[{"id":34897,"href":"https:\/\/acontecenafronteira.com.br\/index.php\/wp-json\/wp\/v2\/posts\/34892\/revisions\/34897"}],"wp:featuredmedia":[{"embeddable":true,"href":"https:\/\/acontecenafronteira.com.br\/index.php\/wp-json\/wp\/v2\/media\/34898"}],"wp:attachment":[{"href":"https:\/\/acontecenafronteira.com.br\/index.php\/wp-json\/wp\/v2\/media?parent=34892"}],"wp:term":[{"taxonomy":"category","embeddable":true,"href":"https:\/\/acontecenafronteira.com.br\/index.php\/wp-json\/wp\/v2\/categories?post=34892"},{"taxonomy":"post_tag","embeddable":true,"href":"https:\/\/acontecenafronteira.com.br\/index.php\/wp-json\/wp\/v2\/tags?post=34892"}],"curies":[{"name":"wp","href":"https:\/\/api.w.org\/{rel}","templated":true}]}}