{"id":34891,"date":"2026-09-04T02:36:11","date_gmt":"2026-09-04T05:36:11","guid":{"rendered":"https:\/\/acontecenafronteira.com.br\/?p=34891"},"modified":"2026-09-04T02:36:11","modified_gmt":"2026-09-04T05:36:11","slug":"rebecca-black-reflete-sobre-os-15-anos-do-hit-friday-e-fama","status":"publish","type":"post","link":"https:\/\/acontecenafronteira.com.br\/index.php\/2026\/09\/04\/rebecca-black-reflete-sobre-os-15-anos-do-hit-friday-e-fama\/","title":{"rendered":"Rebecca Black reflete sobre os 15 anos do hit Friday e fama"},"content":{"rendered":"<p>A artista Rebecca Black reflete sobre os impactos de sua fama precoce, conquistada h\u00e1 15 anos com o lan\u00e7amento do pol\u00eamico hit de internet \u201cFriday\u201d, e questiona se existe uma maneira errada de alcan\u00e7ar o sucesso.<\/p>\n<h2>O peso da fama na adolesc\u00eancia<\/h2>\n<p>Lan\u00e7ada no YouTube quando a jovem tinha apenas 13 anos, a faixa se transformou rapidamente em um dos maiores memes daquela d\u00e9cada. Em entrevista recente, a cantora revelou que processar a dimens\u00e3o do fen\u00f4meno foi um desafio complexo, especialmente por estar em pleno desenvolvimento de sua identidade pessoal e art\u00edstica enquanto lidava com a exposi\u00e7\u00e3o em massa.<\/p>\n<h2>Mudan\u00e7as no ambiente digital e a press\u00e3o por n\u00fameros<\/h2>\n<p>A artista destacou a diferen\u00e7a entre a internet de 2011, concentrada em poucas plataformas onde tend\u00eancias unificavam o p\u00fablico, e o cen\u00e1rio atual, marcado por algoritmos fragmentados. Hoje em dia, a cobran\u00e7a por visualiza\u00e7\u00f5es e streams afeta os m\u00fasicos de outra forma, intensificada pela responsabilidade financeira de sustentar uma equipe de trabalho.<\/p>\n<h3>A busca por viraliza\u00e7\u00e3o e a perda de identidade<\/h3>\n<p>Segundo a DJ, tentar transformar o sucesso viral em uma f\u00f3rmula matem\u00e1tica acaba eliminando justamente a espontaneidade que atrai o p\u00fablico. Ela pr\u00f3pria descarta tentar for\u00e7ar um novo viral para promover seus trabalhos atuais, considerando esse esfor\u00e7o um desperd\u00edcio de energia criativa.<\/p>\n<h2>A ressignifica\u00e7\u00e3o de Friday e a independ\u00eancia art\u00edstica<\/h2>\n<p>Embora o sucesso inicial tenha ocorrido devido \u00e0 forte repercuss\u00e3o negativa, a m\u00fasica eventualmente conquistou a certifica\u00e7\u00e3o de Platina, mudando a perspectiva da autora sobre sua pr\u00f3pria trajet\u00f3ria. Atualmente, ela resgata a faixa em seus sets de DJ com total autonomia, longe da necessidade de justificar suas escolhas criativas ao p\u00fablico.<\/p>\n<h2>Novo \u00e1lbum e o futuro da carreira<\/h2>\n<p>A trajet\u00f3ria culmina no lan\u00e7amento do \u00e1lbum &#8220;The Age of the Exhibitionist&#8221;, agendado para o dia 4 de setembro. O novo projeto aprofunda debates sobre autenticidade e identidade, consolidando uma fase mais madura e impactante na carreira da musicista.<\/p>\n<p>Por Reda\u00e7\u00e3o Acontece<\/p>\n<p>Divulga\u00e7\u00e3o\/Redes Sociais<\/p>\n","protected":false},"excerpt":{"rendered":"<p>A artista Rebecca Black reflete sobre os impactos de sua fama precoce, conquistada h\u00e1 15 anos com o lan\u00e7amento do pol\u00eamico hit de internet \u201cFriday\u201d, e questiona se existe uma maneira errada de alcan\u00e7ar o sucesso. O peso da fama na adolesc\u00eancia Lan\u00e7ada no YouTube quando a jovem tinha apenas 13 anos, a faixa se [&hellip;]<\/p>\n","protected":false},"author":0,"featured_media":34896,"comment_status":"open","ping_status":"open","sticky":false,"template":"","format":"standard","meta":{"footnotes":""},"categories":[28],"tags":[],"class_list":["post-34891","post","type-post","status-publish","format-standard","has-post-thumbnail","hentry","category-mundo"],"_links":{"self":[{"href":"https:\/\/acontecenafronteira.com.br\/index.php\/wp-json\/wp\/v2\/posts\/34891","targetHints":{"allow":["GET"]}}],"collection":[{"href":"https:\/\/acontecenafronteira.com.br\/index.php\/wp-json\/wp\/v2\/posts"}],"about":[{"href":"https:\/\/acontecenafronteira.com.br\/index.php\/wp-json\/wp\/v2\/types\/post"}],"replies":[{"embeddable":true,"href":"https:\/\/acontecenafronteira.com.br\/index.php\/wp-json\/wp\/v2\/comments?post=34891"}],"version-history":[{"count":1,"href":"https:\/\/acontecenafronteira.com.br\/index.php\/wp-json\/wp\/v2\/posts\/34891\/revisions"}],"predecessor-version":[{"id":34895,"href":"https:\/\/acontecenafronteira.com.br\/index.php\/wp-json\/wp\/v2\/posts\/34891\/revisions\/34895"}],"wp:featuredmedia":[{"embeddable":true,"href":"https:\/\/acontecenafronteira.com.br\/index.php\/wp-json\/wp\/v2\/media\/34896"}],"wp:attachment":[{"href":"https:\/\/acontecenafronteira.com.br\/index.php\/wp-json\/wp\/v2\/media?parent=34891"}],"wp:term":[{"taxonomy":"category","embeddable":true,"href":"https:\/\/acontecenafronteira.com.br\/index.php\/wp-json\/wp\/v2\/categories?post=34891"},{"taxonomy":"post_tag","embeddable":true,"href":"https:\/\/acontecenafronteira.com.br\/index.php\/wp-json\/wp\/v2\/tags?post=34891"}],"curies":[{"name":"wp","href":"https:\/\/api.w.org\/{rel}","templated":true}]}}