{"id":34881,"date":"2026-09-04T01:37:21","date_gmt":"2026-09-04T04:37:21","guid":{"rendered":"https:\/\/acontecenafronteira.com.br\/?p=34881"},"modified":"2026-09-04T01:37:21","modified_gmt":"2026-09-04T04:37:21","slug":"crianca-de-6-anos-sobrevive-a-chacina-escondida-sob-a-cama","status":"publish","type":"post","link":"https:\/\/acontecenafronteira.com.br\/index.php\/2026\/09\/04\/crianca-de-6-anos-sobrevive-a-chacina-escondida-sob-a-cama\/","title":{"rendered":"Crian\u00e7a de 6 anos sobrevive a chacina escondida sob a cama"},"content":{"rendered":"<p>Um garoto de apenas seis anos conseguiu escapar com vida de uma brutal chacina que dizimou sua fam\u00edlia no M\u00e9xico ao se esconder embaixo de uma cama. O epis\u00f3dio tr\u00e1gico aconteceu na \u00faltima ter\u00e7a-feira (1\/9) e vitimou o seu pai, o tecladista Jonathan Samuel Mel\u00e9ndez Ochoa, integrante da banda Camilo S\u00e9ptimo.<\/p>\n<h2>O ataque e as v\u00edtimas da trag\u00e9dia<\/h2>\n<p>O crime ocorreu dentro da resid\u00eancia da fam\u00edlia, situada em um condom\u00ednio fechado localizado na cidade de Atizap\u00e1n de Zaragoza, a cerca de 60 quil\u00f4metros da capital mexicana. O m\u00fasico foi baleado e morto no local junto com sua esposa, Ana Paula, de 35 anos, que estava gr\u00e1vida de quatro meses, e a filha ca\u00e7ula do casal, Sofia, de tr\u00eas anos. A bab\u00e1 Aleida Romero Victorio, de 21 anos, e o cachorro da fam\u00edlia tamb\u00e9m foram executados pelos criminosos.<\/p>\n<p>O menino sobrevivente \u00e9 o filho mais velho do tecladista. Ap\u00f3s a confirma\u00e7\u00e3o do caso, o grupo musical Camilo S\u00e9ptimo utilizou as redes sociais para prestar homenagens ao colega falecido, publicando uma mensagem de despedida que dizia que eles viver\u00e3o para sempre em nossos cora\u00e7\u00f5es.<\/p>\n<h2>Investiga\u00e7\u00e3o e motiva\u00e7\u00e3o do crime<\/h2>\n<p>As autoridades mexicanas agiram rapidamente e conseguiram prender dois suspeitos envolvidos no massacre. Entre os detidos est\u00e1 o argentino Diego Sebasti\u00e1n Rosen Ferlini, de 51 anos, que mantinha uma rela\u00e7\u00e3o de sociedade com o m\u00fasico assassinado.<\/p>\n<p>De acordo com declara\u00e7\u00f5es da presidente do M\u00e9xico, Claudia Sheinbaum, a principal linha de investiga\u00e7\u00e3o aponta que a motiva\u00e7\u00e3o do crime estaria ligada a disputas familiares. A governante tamb\u00e9m garantiu que o governo do Estado do M\u00e9xico est\u00e1 prestando todo o suporte necess\u00e1rio aos familiares sobreviventes por meio do Minist\u00e9rio do Interior.<\/p>\n<p>Por Reda\u00e7\u00e3o Acontece<\/p>\n<p>Reprodu\u00e7\u00e3o \/ Instagram Camilo S\u00e9ptimo<\/p>\n","protected":false},"excerpt":{"rendered":"<p>Um garoto de apenas seis anos conseguiu escapar com vida de uma brutal chacina que dizimou sua fam\u00edlia no M\u00e9xico ao se esconder embaixo de uma cama. O epis\u00f3dio tr\u00e1gico aconteceu na \u00faltima ter\u00e7a-feira (1\/9) e vitimou o seu pai, o tecladista Jonathan Samuel Mel\u00e9ndez Ochoa, integrante da banda Camilo S\u00e9ptimo. O ataque e as [&hellip;]<\/p>\n","protected":false},"author":0,"featured_media":34889,"comment_status":"open","ping_status":"open","sticky":false,"template":"","format":"standard","meta":{"footnotes":""},"categories":[6],"tags":[],"class_list":["post-34881","post","type-post","status-publish","format-standard","has-post-thumbnail","hentry","category-mercosul"],"_links":{"self":[{"href":"https:\/\/acontecenafronteira.com.br\/index.php\/wp-json\/wp\/v2\/posts\/34881","targetHints":{"allow":["GET"]}}],"collection":[{"href":"https:\/\/acontecenafronteira.com.br\/index.php\/wp-json\/wp\/v2\/posts"}],"about":[{"href":"https:\/\/acontecenafronteira.com.br\/index.php\/wp-json\/wp\/v2\/types\/post"}],"replies":[{"embeddable":true,"href":"https:\/\/acontecenafronteira.com.br\/index.php\/wp-json\/wp\/v2\/comments?post=34881"}],"version-history":[{"count":1,"href":"https:\/\/acontecenafronteira.com.br\/index.php\/wp-json\/wp\/v2\/posts\/34881\/revisions"}],"predecessor-version":[{"id":34888,"href":"https:\/\/acontecenafronteira.com.br\/index.php\/wp-json\/wp\/v2\/posts\/34881\/revisions\/34888"}],"wp:featuredmedia":[{"embeddable":true,"href":"https:\/\/acontecenafronteira.com.br\/index.php\/wp-json\/wp\/v2\/media\/34889"}],"wp:attachment":[{"href":"https:\/\/acontecenafronteira.com.br\/index.php\/wp-json\/wp\/v2\/media?parent=34881"}],"wp:term":[{"taxonomy":"category","embeddable":true,"href":"https:\/\/acontecenafronteira.com.br\/index.php\/wp-json\/wp\/v2\/categories?post=34881"},{"taxonomy":"post_tag","embeddable":true,"href":"https:\/\/acontecenafronteira.com.br\/index.php\/wp-json\/wp\/v2\/tags?post=34881"}],"curies":[{"name":"wp","href":"https:\/\/api.w.org\/{rel}","templated":true}]}}