{"id":34880,"date":"2026-09-04T01:37:06","date_gmt":"2026-09-04T04:37:06","guid":{"rendered":"https:\/\/acontecenafronteira.com.br\/?p=34880"},"modified":"2026-09-04T01:37:06","modified_gmt":"2026-09-04T04:37:06","slug":"flavio-bolsonaro-acusa-moraes-alcolumbre-e-dino-de-conspiracao","status":"publish","type":"post","link":"https:\/\/acontecenafronteira.com.br\/index.php\/2026\/09\/04\/flavio-bolsonaro-acusa-moraes-alcolumbre-e-dino-de-conspiracao\/","title":{"rendered":"Fl\u00e1vio Bolsonaro acusa Moraes, Alcolumbre e Dino de conspira\u00e7\u00e3o"},"content":{"rendered":"<p>O senador e candidato \u00e0 Presid\u00eancia da Rep\u00fablica <strong>Fl\u00e1vio Bolsonaro<\/strong> (PL) utilizou suas redes sociais nesta quinta-feira (3\/9) para fazer graves acusa\u00e7\u00f5es contra figuras centrais dos Tr\u00eas Poderes. Segundo o pol\u00edtico, o ministro <strong>Alexandre de Moraes<\/strong> (STF), o presidente do Senado, <strong>Davi Alcolumbre<\/strong> (Uni\u00e3o-AP), e o ministro <strong>Fl\u00e1vio Dino<\/strong> (STF) estariam coordenando uma medida ilegal para prejudicar sua imagem p\u00fablica.<\/p>\n<h2>Falta de provas nas acusa\u00e7\u00f5es<\/h2>\n<p>Apesar da gravidade da den\u00fancia publicada na internet, o parlamentar admitiu abertamente que n\u00e3o possui nenhum documento, registro ou evid\u00eancia material para comprovar a veracidade de suas declara\u00e7\u00f5es. De acordo com o relato do candidato, Moraes e Alcolumbre teriam mantido uma longa conversa em Bras\u00edlia na quarta-feira (2\/9), ocasi\u00e3o em que teriam combinado a suposta investida jur\u00eddica ou pol\u00edtica com o aux\u00edlio de Dino.<\/p>\n<p>O objetivo da suposta manobra seria criar um contraponto \u00e0s recentes revela\u00e7\u00f5es feitas pelo ministro <strong>Andr\u00e9 Mendon\u00e7a<\/strong>, gerando impactos negativos e desgaste na imagem do candidato durante a corrida presidencial.<\/p>\n<h2>Cr\u00edticas duras ao cen\u00e1rio institucional<\/h2>\n<p>Na mesma postagem, o senador elevou o tom das cr\u00edticas e sinalizou que o epis\u00f3dio, caso fosse verdadeiro, evidenciaria uma grave crise institucional no pa\u00eds.<\/p>\n<p>O parlamentar classificou o cen\u00e1rio pol\u00edtico nacional com termos severos, apontando para uma suposta perda de garantias democr\u00e1ticas e o uso da m\u00e1quina p\u00fablica por autoridades para atingir advers\u00e1rios pol\u00edticos. Al\u00e9m disso, o candidato relacionou o epis\u00f3dio diretamente \u00e0 disputa pelo Pal\u00e1cio do Planalto em 2026, posicionando seu grupo pol\u00edtico como barreira contra desvios autorit\u00e1rios.<\/p>\n<h2>O contexto do embate no Supremo<\/h2>\n<p>A tens\u00e3o nos bastidores pol\u00edticos coincide com um momento de forte atrito entre ministros da mais alta Corte do pa\u00eds. Na ter\u00e7a-feira (1\u00ba\/9), Mendon\u00e7a retirou o sigilo de um relat\u00f3rio da Pol\u00edcia Federal contendo mensagens entre Alexandre de Moraes e Daniel Vorcaro, ex-propriet\u00e1rio do Banco Master, determinando que o caso fosse analisado pelo plen\u00e1rio.<\/p>\n<p>Como resposta, na quinta-feira, Moraes utilizou o inqu\u00e9rito das Fake News para levantar suspeitas sobre a conduta de Mendon\u00e7a e solicitou ao presidente do STF, Edson Fachin, a abertura de um procedimento investigativo contra o colega de tribunal, envolvendo apura\u00e7\u00f5es sobre fraudes no INSS e opera\u00e7\u00f5es financeiras.<\/p>\n<p>Por Reda\u00e7\u00e3o Acontece<\/p>\n<p>Foto: Divulga\u00e7\u00e3o<\/p>\n","protected":false},"excerpt":{"rendered":"<p>O senador e candidato \u00e0 Presid\u00eancia da Rep\u00fablica Fl\u00e1vio Bolsonaro (PL) utilizou suas redes sociais nesta quinta-feira (3\/9) para fazer graves acusa\u00e7\u00f5es contra figuras centrais dos Tr\u00eas Poderes. Segundo o pol\u00edtico, o ministro Alexandre de Moraes (STF), o presidente do Senado, Davi Alcolumbre (Uni\u00e3o-AP), e o ministro Fl\u00e1vio Dino (STF) estariam coordenando uma medida ilegal [&hellip;]<\/p>\n","protected":false},"author":0,"featured_media":34887,"comment_status":"open","ping_status":"open","sticky":false,"template":"","format":"standard","meta":{"footnotes":""},"categories":[6],"tags":[],"class_list":["post-34880","post","type-post","status-publish","format-standard","has-post-thumbnail","hentry","category-mercosul"],"_links":{"self":[{"href":"https:\/\/acontecenafronteira.com.br\/index.php\/wp-json\/wp\/v2\/posts\/34880","targetHints":{"allow":["GET"]}}],"collection":[{"href":"https:\/\/acontecenafronteira.com.br\/index.php\/wp-json\/wp\/v2\/posts"}],"about":[{"href":"https:\/\/acontecenafronteira.com.br\/index.php\/wp-json\/wp\/v2\/types\/post"}],"replies":[{"embeddable":true,"href":"https:\/\/acontecenafronteira.com.br\/index.php\/wp-json\/wp\/v2\/comments?post=34880"}],"version-history":[{"count":1,"href":"https:\/\/acontecenafronteira.com.br\/index.php\/wp-json\/wp\/v2\/posts\/34880\/revisions"}],"predecessor-version":[{"id":34886,"href":"https:\/\/acontecenafronteira.com.br\/index.php\/wp-json\/wp\/v2\/posts\/34880\/revisions\/34886"}],"wp:featuredmedia":[{"embeddable":true,"href":"https:\/\/acontecenafronteira.com.br\/index.php\/wp-json\/wp\/v2\/media\/34887"}],"wp:attachment":[{"href":"https:\/\/acontecenafronteira.com.br\/index.php\/wp-json\/wp\/v2\/media?parent=34880"}],"wp:term":[{"taxonomy":"category","embeddable":true,"href":"https:\/\/acontecenafronteira.com.br\/index.php\/wp-json\/wp\/v2\/categories?post=34880"},{"taxonomy":"post_tag","embeddable":true,"href":"https:\/\/acontecenafronteira.com.br\/index.php\/wp-json\/wp\/v2\/tags?post=34880"}],"curies":[{"name":"wp","href":"https:\/\/api.w.org\/{rel}","templated":true}]}}