{"id":34879,"date":"2026-09-04T01:36:50","date_gmt":"2026-09-04T04:36:50","guid":{"rendered":"https:\/\/acontecenafronteira.com.br\/?p=34879"},"modified":"2026-09-04T01:36:50","modified_gmt":"2026-09-04T04:36:50","slug":"reconhecimento-facial-prende-mais-de-700-foragidos-no-df","status":"publish","type":"post","link":"https:\/\/acontecenafronteira.com.br\/index.php\/2026\/09\/04\/reconhecimento-facial-prende-mais-de-700-foragidos-no-df\/","title":{"rendered":"Reconhecimento facial prende mais de 700 foragidos no DF"},"content":{"rendered":"<p>Desde o in\u00edcio de 2026, a tecnologia de <b>reconhecimento facial<\/b> integrada \u00e0 plataforma DF 360 j\u00e1 auxiliou no cumprimento de 738 <b>mandados de pris\u00e3o<\/b> no Distrito Federal. O sistema tem sido fundamental para localizar criminosos em meio a aglomera\u00e7\u00f5es e agilizar o trabalho das <b>for\u00e7as de seguran\u00e7a<\/b> na capital do pa\u00eds.<\/p>\n<h2>Como funciona a plataforma de monitoramento<\/h2>\n<p>A ferramenta centraliza dados e imagens de mais de 5 mil equipamentos, incluindo c\u00e2meras p\u00fablicas e privadas, sensores e radares espalhados por todo o Distrito Federal. Al\u00e9m da identifica\u00e7\u00e3o de pessoas procuradas, o sistema realiza diariamente a leitura de aproximadamente 6 milh\u00f5es de placas de ve\u00edculos, cruzando informa\u00e7\u00f5es com bancos de dados policiais para localizar autom\u00f3veis furtados ou roubados.<\/p>\n<h2>Opera\u00e7\u00e3o e casos de destaque na capital<\/h2>\n<p>A efic\u00e1cia do sistema pode ser observada em diversas ocorr\u00eancias de grande repercuss\u00e3o desde a sua implementa\u00e7\u00e3o. A primeira pris\u00e3o ocorreu durante o Carnaval, quando um homem com mandado em aberto foi rastreado desde a esta\u00e7\u00e3o de metr\u00f4 de Ceil\u00e2ndia at\u00e9 o Bloco das Montadas, no Museu da Rep\u00fablica, ap\u00f3s alerta emitido para as equipes de patrulhamento.<\/p>\n<p>Outro caso emblem\u00e1tico aconteceu em junho, com a captura de um ex-secret\u00e1rio adjunto de Transporte que estava foragido h\u00e1 nove meses. Condenado por crimes como corrup\u00e7\u00e3o, peculato e lavagem de dinheiro, somando penas de at\u00e9 29 anos, ele foi identificado ao desembarcar de um vag\u00e3o de metr\u00f4.<\/p>\n<h2>Pris\u00f5es em terminais de transporte<\/h2>\n<p>Os terminais de transporte p\u00fablico t\u00eam sido pontos estrat\u00e9gicos para a atua\u00e7\u00e3o das c\u00e2meras inteligentes. Em agosto, um homem de 34 anos, condenado a 14 anos de pris\u00e3o por estupro de vulner\u00e1vel, foi localizado na Rodovi\u00e1ria do Plano Piloto enquanto aguardava na fila de embarque de um \u00f4nibus com destino \u00e0 Asa Norte.<\/p>\n<p>Em outra ocorr\u00eancia recente, as equipes do policiamento ostensivo receberam um alerta do sistema de intelig\u00eancia e capturaram um indiv\u00edduo condenado a mais de nove anos de pris\u00e3o por roubo, interceptado nas depend\u00eancias da esta\u00e7\u00e3o do metr\u00f4 ap\u00f3s r\u00e1pida mobiliza\u00e7\u00e3o dos agentes.<\/p>\n<p>O sistema continua em expans\u00e3o e conta com a participa\u00e7\u00e3o da sociedade, permitindo que pessoas f\u00edsicas e jur\u00eddicas cadastrem suas pr\u00f3prias c\u00e2meras de seguran\u00e7a diretamente na plataforma oficial para colaborar com o monitoramento urbano.<\/p>\n<p>Por Reda\u00e7\u00e3o Acontece<\/p>\n<p>Imagem de Divulga\u00e7\u00e3o\/SSP-DF<\/p>\n","protected":false},"excerpt":{"rendered":"<p>Desde o in\u00edcio de 2026, a tecnologia de reconhecimento facial integrada \u00e0 plataforma DF 360 j\u00e1 auxiliou no cumprimento de 738 mandados de pris\u00e3o no Distrito Federal. O sistema tem sido fundamental para localizar criminosos em meio a aglomera\u00e7\u00f5es e agilizar o trabalho das for\u00e7as de seguran\u00e7a na capital do pa\u00eds. Como funciona a plataforma [&hellip;]<\/p>\n","protected":false},"author":0,"featured_media":34885,"comment_status":"open","ping_status":"open","sticky":false,"template":"","format":"standard","meta":{"footnotes":""},"categories":[6],"tags":[],"class_list":["post-34879","post","type-post","status-publish","format-standard","has-post-thumbnail","hentry","category-mercosul"],"_links":{"self":[{"href":"https:\/\/acontecenafronteira.com.br\/index.php\/wp-json\/wp\/v2\/posts\/34879","targetHints":{"allow":["GET"]}}],"collection":[{"href":"https:\/\/acontecenafronteira.com.br\/index.php\/wp-json\/wp\/v2\/posts"}],"about":[{"href":"https:\/\/acontecenafronteira.com.br\/index.php\/wp-json\/wp\/v2\/types\/post"}],"replies":[{"embeddable":true,"href":"https:\/\/acontecenafronteira.com.br\/index.php\/wp-json\/wp\/v2\/comments?post=34879"}],"version-history":[{"count":1,"href":"https:\/\/acontecenafronteira.com.br\/index.php\/wp-json\/wp\/v2\/posts\/34879\/revisions"}],"predecessor-version":[{"id":34884,"href":"https:\/\/acontecenafronteira.com.br\/index.php\/wp-json\/wp\/v2\/posts\/34879\/revisions\/34884"}],"wp:featuredmedia":[{"embeddable":true,"href":"https:\/\/acontecenafronteira.com.br\/index.php\/wp-json\/wp\/v2\/media\/34885"}],"wp:attachment":[{"href":"https:\/\/acontecenafronteira.com.br\/index.php\/wp-json\/wp\/v2\/media?parent=34879"}],"wp:term":[{"taxonomy":"category","embeddable":true,"href":"https:\/\/acontecenafronteira.com.br\/index.php\/wp-json\/wp\/v2\/categories?post=34879"},{"taxonomy":"post_tag","embeddable":true,"href":"https:\/\/acontecenafronteira.com.br\/index.php\/wp-json\/wp\/v2\/tags?post=34879"}],"curies":[{"name":"wp","href":"https:\/\/api.w.org\/{rel}","templated":true}]}}