{"id":34869,"date":"2026-09-04T01:36:33","date_gmt":"2026-09-04T04:36:33","guid":{"rendered":"https:\/\/acontecenafronteira.com.br\/?p=34869"},"modified":"2026-09-04T01:36:33","modified_gmt":"2026-09-04T04:36:33","slug":"neymar-e-bruna-biancardi-revelam-nome-da-3a-filha-em-bilhete","status":"publish","type":"post","link":"https:\/\/acontecenafronteira.com.br\/index.php\/2026\/09\/04\/neymar-e-bruna-biancardi-revelam-nome-da-3a-filha-em-bilhete\/","title":{"rendered":"Neymar e Bruna Biancardi revelam nome da 3\u00aa filha em bilhete"},"content":{"rendered":"<p>O atacante Neymar e a influenciadora digital Bruna Biancardi escolheram o nome da terceira filha que esperam juntos. A novidade veio a p\u00fablico nesta quinta-feira (3), de maneira inusitada, atrav\u00e9s de um bilhete carinhoso compartilhado nas redes sociais pelo atleta ap\u00f3s sofrer uma nova les\u00e3o em campo.<\/p>\n<h2>A revela\u00e7\u00e3o atrav\u00e9s de um bilhete familiar<\/h2>\n<p>O momento de apoio ocorreu ap\u00f3s o jogador se machucar durante a partida contra o Palmeiras, v\u00e1lida pelas quartas de final da Copa do Brasil. Para animar o atleta, Bruna e as crian\u00e7as prepararam uma cartinha com pinturas de m\u00e3os e p\u00e9s.<\/p>\n<p>Ao final da mensagem afetuosa, a assinatura acabou entregando a novidade aos seguidores. O texto dizia para ele n\u00e3o ficar triste e refor\u00e7ava o amor da fam\u00edlia, assinada por mam\u00e3e, Mavie, Mel e Mariah.<\/p>\n<h2>O significado e a popularidade do nome Mariah<\/h2>\n<p>A ca\u00e7ulinha da fam\u00edlia se chamar\u00e1 <strong>Mariah<\/strong>. Com essa escolha, o casal mant\u00e9m uma forte tend\u00eancia de nomes tradicionais femininos que remetem \u00e0 matriarca, ficando muito perto do universo das milh\u00f5es de registros de Maria no pa\u00eds. Dados do Censo de 2022 apontam que o Brasil possui cerca de 24 mil pessoas registradas com a grafia Mariah.<\/p>\n<p>A gesta\u00e7\u00e3o foi anunciada publicamente pelo casal em junho, durante um v\u00eddeo publicado no canal oficial da influenciadora no YouTube. Vale lembrar que a fam\u00edlia \u00e9 extensa: Neymar tamb\u00e9m \u00e9 pai de Davi Lucca, de 15 anos, fruto de seu relacionamento passado com Carol Dantas, e de Helena, de 2 anos, filha com Amanda Kimberlly, al\u00e9m das meninas com Bruna Biancardi.<\/p>\n<p>Por Reda\u00e7\u00e3o Acontece<\/p>\n<p>Reprodu\u00e7\u00e3o \/ Instagram<\/p>\n","protected":false},"excerpt":{"rendered":"<p>O atacante Neymar e a influenciadora digital Bruna Biancardi escolheram o nome da terceira filha que esperam juntos. A novidade veio a p\u00fablico nesta quinta-feira (3), de maneira inusitada, atrav\u00e9s de um bilhete carinhoso compartilhado nas redes sociais pelo atleta ap\u00f3s sofrer uma nova les\u00e3o em campo. A revela\u00e7\u00e3o atrav\u00e9s de um bilhete familiar O [&hellip;]<\/p>\n","protected":false},"author":0,"featured_media":34877,"comment_status":"open","ping_status":"open","sticky":false,"template":"","format":"standard","meta":{"footnotes":""},"categories":[28],"tags":[],"class_list":["post-34869","post","type-post","status-publish","format-standard","has-post-thumbnail","hentry","category-mundo"],"_links":{"self":[{"href":"https:\/\/acontecenafronteira.com.br\/index.php\/wp-json\/wp\/v2\/posts\/34869","targetHints":{"allow":["GET"]}}],"collection":[{"href":"https:\/\/acontecenafronteira.com.br\/index.php\/wp-json\/wp\/v2\/posts"}],"about":[{"href":"https:\/\/acontecenafronteira.com.br\/index.php\/wp-json\/wp\/v2\/types\/post"}],"replies":[{"embeddable":true,"href":"https:\/\/acontecenafronteira.com.br\/index.php\/wp-json\/wp\/v2\/comments?post=34869"}],"version-history":[{"count":1,"href":"https:\/\/acontecenafronteira.com.br\/index.php\/wp-json\/wp\/v2\/posts\/34869\/revisions"}],"predecessor-version":[{"id":34876,"href":"https:\/\/acontecenafronteira.com.br\/index.php\/wp-json\/wp\/v2\/posts\/34869\/revisions\/34876"}],"wp:featuredmedia":[{"embeddable":true,"href":"https:\/\/acontecenafronteira.com.br\/index.php\/wp-json\/wp\/v2\/media\/34877"}],"wp:attachment":[{"href":"https:\/\/acontecenafronteira.com.br\/index.php\/wp-json\/wp\/v2\/media?parent=34869"}],"wp:term":[{"taxonomy":"category","embeddable":true,"href":"https:\/\/acontecenafronteira.com.br\/index.php\/wp-json\/wp\/v2\/categories?post=34869"},{"taxonomy":"post_tag","embeddable":true,"href":"https:\/\/acontecenafronteira.com.br\/index.php\/wp-json\/wp\/v2\/tags?post=34869"}],"curies":[{"name":"wp","href":"https:\/\/api.w.org\/{rel}","templated":true}]}}