{"id":34868,"date":"2026-09-04T01:36:22","date_gmt":"2026-09-04T04:36:22","guid":{"rendered":"https:\/\/acontecenafronteira.com.br\/?p=34868"},"modified":"2026-09-04T01:36:22","modified_gmt":"2026-09-04T04:36:22","slug":"filipe-luis-no-monaco-enfrenta-o-psg-em-teste-de-fogo-na-franca","status":"publish","type":"post","link":"https:\/\/acontecenafronteira.com.br\/index.php\/2026\/09\/04\/filipe-luis-no-monaco-enfrenta-o-psg-em-teste-de-fogo-na-franca\/","title":{"rendered":"Filipe Lu\u00eds no Monaco enfrenta o PSG em teste de fogo na Fran\u00e7a"},"content":{"rendered":"<p>Com um come\u00e7o espetacular na Europa, o t\u00e9cnico brasileiro Filipe Lu\u00eds comanda o Monaco nesta quarta-feira em seu maior desafio no futebol franc\u00eas at\u00e9 o momento, medindo for\u00e7as com o Paris Saint-Germain no est\u00e1dio Parque dos Pr\u00edncipes.<\/p>\n<h2>In\u00edcio avassalador e elogios na imprensa<\/h2>\n<p>O trabalho do ex-lateral tem sido amplamente celebrado pelos ve\u00edculos locais. O jornal L\u2019Equipe classificou a fase inicial como um verdadeiro \u201cin\u00edcio dos sonhos\u201d, destacando a solidez defensiva e a intensidade na recupera\u00e7\u00e3o de bola demonstradas pela equipe monegasca nas primeiras rodadas.<\/p>\n<p>Analistas locais apontam que a torcida e a imprensa j\u00e1 se renderam ao estilo moderno e ofensivo implantado pelo comandante, que assumiu o cargo em julho de 2026 e acumula cem por cento de aproveitamento na temporada atual.<\/p>\n<h2>Reconhecimento de Luis Enrique<\/h2>\n<p>O confronto de logo mais tamb\u00e9m coloca frente a frente o brasileiro e o t\u00e9cnico Luis Enrique. O comandante espanhol do PSG, que enfrentou o Flamengo na decis\u00e3o da Copa Intercontinental de 2025, cobriu o rival de elogios e brincou sobre a chegada de um concorrente de peso ao torneio nacional.<\/p>\n<p>Segundo o treinador europeu, a coragem t\u00e1tica e a prefer\u00eancia por um futebol vistoso demonstradas pelo brasileiro representam uma excelente aquisi\u00e7\u00e3o para o esporte no pa\u00eds.<\/p>\n<h2>Reformula\u00e7\u00e3o do elenco e desafios financeiros<\/h2>\n<p>Apesar do bom momento e da segunda coloca\u00e7\u00e3o na tabela, a manuten\u00e7\u00e3o do alto n\u00edvel competitivo exige supera\u00e7\u00e3o nos bastidores. Para equilibrar as finan\u00e7as, a diretoria precisou negociar pe\u00e7as importantes na \u00faltima janela de transfer\u00eancias.<\/p>\n<p>O atacante Akliouche foi vendido justamente para o advers\u00e1rio desta rodada por 50 milh\u00f5es de euros, enquanto o volante Bamba rumou ao Newcastle e o lateral Caio Henrique foi transferido para o Ajax.<\/p>\n<p>Por Reda\u00e7\u00e3o Acontece<\/p>\n<p>VALERY HACHE \/ AFP<\/p>\n","protected":false},"excerpt":{"rendered":"<p>Com um come\u00e7o espetacular na Europa, o t\u00e9cnico brasileiro Filipe Lu\u00eds comanda o Monaco nesta quarta-feira em seu maior desafio no futebol franc\u00eas at\u00e9 o momento, medindo for\u00e7as com o Paris Saint-Germain no est\u00e1dio Parque dos Pr\u00edncipes. In\u00edcio avassalador e elogios na imprensa O trabalho do ex-lateral tem sido amplamente celebrado pelos ve\u00edculos locais. O [&hellip;]<\/p>\n","protected":false},"author":0,"featured_media":34875,"comment_status":"open","ping_status":"open","sticky":false,"template":"","format":"standard","meta":{"footnotes":""},"categories":[28],"tags":[],"class_list":["post-34868","post","type-post","status-publish","format-standard","has-post-thumbnail","hentry","category-mundo"],"_links":{"self":[{"href":"https:\/\/acontecenafronteira.com.br\/index.php\/wp-json\/wp\/v2\/posts\/34868","targetHints":{"allow":["GET"]}}],"collection":[{"href":"https:\/\/acontecenafronteira.com.br\/index.php\/wp-json\/wp\/v2\/posts"}],"about":[{"href":"https:\/\/acontecenafronteira.com.br\/index.php\/wp-json\/wp\/v2\/types\/post"}],"replies":[{"embeddable":true,"href":"https:\/\/acontecenafronteira.com.br\/index.php\/wp-json\/wp\/v2\/comments?post=34868"}],"version-history":[{"count":1,"href":"https:\/\/acontecenafronteira.com.br\/index.php\/wp-json\/wp\/v2\/posts\/34868\/revisions"}],"predecessor-version":[{"id":34874,"href":"https:\/\/acontecenafronteira.com.br\/index.php\/wp-json\/wp\/v2\/posts\/34868\/revisions\/34874"}],"wp:featuredmedia":[{"embeddable":true,"href":"https:\/\/acontecenafronteira.com.br\/index.php\/wp-json\/wp\/v2\/media\/34875"}],"wp:attachment":[{"href":"https:\/\/acontecenafronteira.com.br\/index.php\/wp-json\/wp\/v2\/media?parent=34868"}],"wp:term":[{"taxonomy":"category","embeddable":true,"href":"https:\/\/acontecenafronteira.com.br\/index.php\/wp-json\/wp\/v2\/categories?post=34868"},{"taxonomy":"post_tag","embeddable":true,"href":"https:\/\/acontecenafronteira.com.br\/index.php\/wp-json\/wp\/v2\/tags?post=34868"}],"curies":[{"name":"wp","href":"https:\/\/api.w.org\/{rel}","templated":true}]}}