{"id":34867,"date":"2026-09-04T01:36:03","date_gmt":"2026-09-04T04:36:03","guid":{"rendered":"https:\/\/acontecenafronteira.com.br\/?p=34867"},"modified":"2026-09-04T01:36:03","modified_gmt":"2026-09-04T04:36:03","slug":"quem-ama-cuida-saiba-por-que-heitor-volta-ao-brasil","status":"publish","type":"post","link":"https:\/\/acontecenafronteira.com.br\/index.php\/2026\/09\/04\/quem-ama-cuida-saiba-por-que-heitor-volta-ao-brasil\/","title":{"rendered":"Quem ama cuida: saiba por que Heitor volta ao Brasil"},"content":{"rendered":"<p>Nos pr\u00f3ximos cap\u00edtulos da novela <strong>Quem ama cuida<\/strong>, o p\u00fablico finalmente entender\u00e1 o verdadeiro motivo que trouxe <strong>Heitor<\/strong>, interpretado por Renato G\u00f3es, de volta ao pa\u00eds ap\u00f3s ele fingir a pr\u00f3pria morte.<\/p>\n<h2>O mist\u00e9rio do retorno<\/h2>\n<p>A reviravolta na trama promete movimentar a hist\u00f3ria e deixar os telespectadores intrigados com os novos passos do personagem.<\/p>\n<p>O sumi\u00e7o forjado e suas consequ\u00eancias<\/p>\n<p>Desde que simulou seu falecimento, Heitor manteve sua identidade em segredo, gerando forte impacto na vida daqueles que o cercavam.<\/p>\n<h2>Novos rumos na trama<\/h2>\n<p>Agora, o retorno ao territ\u00f3rio nacional coloca em risco todos os seus planos e traz \u00e0 tona segredos que deveriam permanecer enterrados.<\/p>\n<p>O desenrolar dessa hist\u00f3ria promete confrontos intensos e revela\u00e7\u00f5es bomb\u00e1sticas que mudar\u00e3o o rumo dos personagens principais nos pr\u00f3ximos epis\u00f3dios.<\/p>\n<p>Por Reda\u00e7\u00e3o Acontece<\/p>\n<p>Cr\u00e9ditos da imagem: Divulga\u00e7\u00e3o\/TV<\/p>\n","protected":false},"excerpt":{"rendered":"<p>Nos pr\u00f3ximos cap\u00edtulos da novela Quem ama cuida, o p\u00fablico finalmente entender\u00e1 o verdadeiro motivo que trouxe Heitor, interpretado por Renato G\u00f3es, de volta ao pa\u00eds ap\u00f3s ele fingir a pr\u00f3pria morte. O mist\u00e9rio do retorno A reviravolta na trama promete movimentar a hist\u00f3ria e deixar os telespectadores intrigados com os novos passos do personagem. [&hellip;]<\/p>\n","protected":false},"author":0,"featured_media":34873,"comment_status":"open","ping_status":"open","sticky":false,"template":"","format":"standard","meta":{"footnotes":""},"categories":[28],"tags":[],"class_list":["post-34867","post","type-post","status-publish","format-standard","has-post-thumbnail","hentry","category-mundo"],"_links":{"self":[{"href":"https:\/\/acontecenafronteira.com.br\/index.php\/wp-json\/wp\/v2\/posts\/34867","targetHints":{"allow":["GET"]}}],"collection":[{"href":"https:\/\/acontecenafronteira.com.br\/index.php\/wp-json\/wp\/v2\/posts"}],"about":[{"href":"https:\/\/acontecenafronteira.com.br\/index.php\/wp-json\/wp\/v2\/types\/post"}],"replies":[{"embeddable":true,"href":"https:\/\/acontecenafronteira.com.br\/index.php\/wp-json\/wp\/v2\/comments?post=34867"}],"version-history":[{"count":1,"href":"https:\/\/acontecenafronteira.com.br\/index.php\/wp-json\/wp\/v2\/posts\/34867\/revisions"}],"predecessor-version":[{"id":34872,"href":"https:\/\/acontecenafronteira.com.br\/index.php\/wp-json\/wp\/v2\/posts\/34867\/revisions\/34872"}],"wp:featuredmedia":[{"embeddable":true,"href":"https:\/\/acontecenafronteira.com.br\/index.php\/wp-json\/wp\/v2\/media\/34873"}],"wp:attachment":[{"href":"https:\/\/acontecenafronteira.com.br\/index.php\/wp-json\/wp\/v2\/media?parent=34867"}],"wp:term":[{"taxonomy":"category","embeddable":true,"href":"https:\/\/acontecenafronteira.com.br\/index.php\/wp-json\/wp\/v2\/categories?post=34867"},{"taxonomy":"post_tag","embeddable":true,"href":"https:\/\/acontecenafronteira.com.br\/index.php\/wp-json\/wp\/v2\/tags?post=34867"}],"curies":[{"name":"wp","href":"https:\/\/api.w.org\/{rel}","templated":true}]}}