{"id":34849,"date":"2026-09-04T00:36:53","date_gmt":"2026-09-04T03:36:53","guid":{"rendered":"https:\/\/acontecenafronteira.com.br\/?p=34849"},"modified":"2026-09-04T00:36:53","modified_gmt":"2026-09-04T03:36:53","slug":"com-fome-sonhos-nao-tem-vez-reflexao-sobre-cultura-e-uniao","status":"publish","type":"post","link":"https:\/\/acontecenafronteira.com.br\/index.php\/2026\/09\/04\/com-fome-sonhos-nao-tem-vez-reflexao-sobre-cultura-e-uniao\/","title":{"rendered":"Com fome, sonhos n\u00e3o t\u00eam vez: reflex\u00e3o sobre cultura e uni\u00e3o"},"content":{"rendered":"<p>A c\u00e9lebre frase com fome, sonhos n\u00e3o t\u00eam vez resume um dos maiores desafios sociais enfrentados pelo pa\u00eds ao longo das d\u00e9cadas, unindo a urg\u00eancia da sobreviv\u00eancia \u00e0 busca por dignidade humana.<\/p>\n<h2>O papel da cultura na redemocratiza\u00e7\u00e3o<\/h2>\n<p>Em 1985, o cen\u00e1rio pol\u00edtico era marcado pela sa\u00edda de anos obscuros da ditadura, momento em que comunicadores e artistas buscavam formas de mobiliza\u00e7\u00e3o popular para responder \u00e0 pergunta se o Brasil realmente valia a pena.<\/p>\n<p>A ilumina\u00e7\u00e3o do Rio de Janeiro para o mundo simbolizou essa retomada da esperan\u00e7a, provando que a uni\u00e3o em torno de ideais comuns era poss\u00edvel e necess\u00e1ria para reconstruir a identidade nacional.<\/p>\n<h2>M\u00fasica e solidariedade como caminhos<\/h2>\n<p>A cultura e o turismo sempre foram apontados como ferramentas fundamentais para alcan\u00e7ar a justi\u00e7a social, servindo como pilares de reden\u00e7\u00e3o para grandes centros urbanos.<\/p>\n<p>A m\u00fasica, por sua vez, atua como uma linguagem universal que n\u00e3o possui lados pol\u00edticos, tendo o poder de convocar, celebrar e narrar a hist\u00f3ria do povo brasileiro.<\/p>\n<h3>Construindo um futuro mais humano<\/h3>\n<p>Diante dos dilemas sociais contempor\u00e2neos, a necessidade de substituir o sentimento de raiva pela solidariedade torna-se cada vez mais urgente para o desenvolvimento coletivo.<\/p>\n<p>O mundo atual \u00e9 o reflexo direto das escolhas e das constru\u00e7\u00f5es di\u00e1rias de sua sociedade, exigindo um olhar mais atento e emp\u00e1tico para as realidades ao redor.<\/p>\n<p>A transforma\u00e7\u00e3o social defendida por pioneiros da comunica\u00e7\u00e3o segue viva, mostrando que a luta contra a desigualdade e a fome \u00e9 o primeiro passo para que qualquer cidad\u00e3o possa voltar a sonhar.<\/p>\n<p>Por Reda\u00e7\u00e3o Acontece<\/p>\n<p>Foto: Divulga\u00e7\u00e3o\/Arquivo<\/p>\n","protected":false},"excerpt":{"rendered":"<p>A c\u00e9lebre frase com fome, sonhos n\u00e3o t\u00eam vez resume um dos maiores desafios sociais enfrentados pelo pa\u00eds ao longo das d\u00e9cadas, unindo a urg\u00eancia da sobreviv\u00eancia \u00e0 busca por dignidade humana. O papel da cultura na redemocratiza\u00e7\u00e3o Em 1985, o cen\u00e1rio pol\u00edtico era marcado pela sa\u00edda de anos obscuros da ditadura, momento em que [&hellip;]<\/p>\n","protected":false},"author":0,"featured_media":34857,"comment_status":"open","ping_status":"open","sticky":false,"template":"","format":"standard","meta":{"footnotes":""},"categories":[28],"tags":[],"class_list":["post-34849","post","type-post","status-publish","format-standard","has-post-thumbnail","hentry","category-mundo"],"_links":{"self":[{"href":"https:\/\/acontecenafronteira.com.br\/index.php\/wp-json\/wp\/v2\/posts\/34849","targetHints":{"allow":["GET"]}}],"collection":[{"href":"https:\/\/acontecenafronteira.com.br\/index.php\/wp-json\/wp\/v2\/posts"}],"about":[{"href":"https:\/\/acontecenafronteira.com.br\/index.php\/wp-json\/wp\/v2\/types\/post"}],"replies":[{"embeddable":true,"href":"https:\/\/acontecenafronteira.com.br\/index.php\/wp-json\/wp\/v2\/comments?post=34849"}],"version-history":[{"count":1,"href":"https:\/\/acontecenafronteira.com.br\/index.php\/wp-json\/wp\/v2\/posts\/34849\/revisions"}],"predecessor-version":[{"id":34856,"href":"https:\/\/acontecenafronteira.com.br\/index.php\/wp-json\/wp\/v2\/posts\/34849\/revisions\/34856"}],"wp:featuredmedia":[{"embeddable":true,"href":"https:\/\/acontecenafronteira.com.br\/index.php\/wp-json\/wp\/v2\/media\/34857"}],"wp:attachment":[{"href":"https:\/\/acontecenafronteira.com.br\/index.php\/wp-json\/wp\/v2\/media?parent=34849"}],"wp:term":[{"taxonomy":"category","embeddable":true,"href":"https:\/\/acontecenafronteira.com.br\/index.php\/wp-json\/wp\/v2\/categories?post=34849"},{"taxonomy":"post_tag","embeddable":true,"href":"https:\/\/acontecenafronteira.com.br\/index.php\/wp-json\/wp\/v2\/tags?post=34849"}],"curies":[{"name":"wp","href":"https:\/\/api.w.org\/{rel}","templated":true}]}}