{"id":34848,"date":"2026-09-04T00:36:40","date_gmt":"2026-09-04T03:36:40","guid":{"rendered":"https:\/\/acontecenafronteira.com.br\/?p=34848"},"modified":"2026-09-04T00:36:40","modified_gmt":"2026-09-04T03:36:40","slug":"crise-no-stf-exige-afastamento-de-alexandre-de-moraes","status":"publish","type":"post","link":"https:\/\/acontecenafronteira.com.br\/index.php\/2026\/09\/04\/crise-no-stf-exige-afastamento-de-alexandre-de-moraes\/","title":{"rendered":"Crise no STF exige afastamento de Alexandre de Moraes"},"content":{"rendered":"<p>A atual instabilidade enfrentada pelo Supremo Tribunal Federal demanda uma medida dr\u00e1stica: a remo\u00e7\u00e3o do ministro Alexandre de Moraes de suas fun\u00e7\u00f5es atuais.<\/p>\n<h2>O impacto do inqu\u00e9rito das fake news<\/h2>\n<p>O ponto de inflex\u00e3o ocorreu com a instaura\u00e7\u00e3o do inqu\u00e9rito das fake news, momento em que a Suprema Corte concentrada em um \u00fanico indiv\u00edduo prerrogativas excessivas sob o pretexto de resguardar o pr\u00f3prio tribunal.<\/p>\n<h2>A personaliza\u00e7\u00e3o da Justi\u00e7a brasileira<\/h2>\n<p>Dessa forma, as decis\u00f5es e eventuais falhas cometidas na condu\u00e7\u00e3o desses processos passaram a ser associadas diretamente \u00e0 imagem institucional de todo o sistema judici\u00e1rio brasileiro.<\/p>\n<p>A concentra\u00e7\u00e3o de poder gerou debates intensos entre juristas sobre os limites da atua\u00e7\u00e3o individual dentro da mais alta Corte do pa\u00eds e suas consequ\u00eancias para o regime democr\u00e1tico.<\/p>\n<p>Por Reda\u00e7\u00e3o Acontece<\/p>\n<p>Cr\u00e9ditos da imagem: Divulga\u00e7\u00e3o\/STF<\/p>\n","protected":false},"excerpt":{"rendered":"<p>A atual instabilidade enfrentada pelo Supremo Tribunal Federal demanda uma medida dr\u00e1stica: a remo\u00e7\u00e3o do ministro Alexandre de Moraes de suas fun\u00e7\u00f5es atuais. O impacto do inqu\u00e9rito das fake news O ponto de inflex\u00e3o ocorreu com a instaura\u00e7\u00e3o do inqu\u00e9rito das fake news, momento em que a Suprema Corte concentrada em um \u00fanico indiv\u00edduo prerrogativas [&hellip;]<\/p>\n","protected":false},"author":0,"featured_media":34855,"comment_status":"open","ping_status":"open","sticky":false,"template":"","format":"standard","meta":{"footnotes":""},"categories":[28],"tags":[],"class_list":["post-34848","post","type-post","status-publish","format-standard","has-post-thumbnail","hentry","category-mundo"],"_links":{"self":[{"href":"https:\/\/acontecenafronteira.com.br\/index.php\/wp-json\/wp\/v2\/posts\/34848","targetHints":{"allow":["GET"]}}],"collection":[{"href":"https:\/\/acontecenafronteira.com.br\/index.php\/wp-json\/wp\/v2\/posts"}],"about":[{"href":"https:\/\/acontecenafronteira.com.br\/index.php\/wp-json\/wp\/v2\/types\/post"}],"replies":[{"embeddable":true,"href":"https:\/\/acontecenafronteira.com.br\/index.php\/wp-json\/wp\/v2\/comments?post=34848"}],"version-history":[{"count":1,"href":"https:\/\/acontecenafronteira.com.br\/index.php\/wp-json\/wp\/v2\/posts\/34848\/revisions"}],"predecessor-version":[{"id":34854,"href":"https:\/\/acontecenafronteira.com.br\/index.php\/wp-json\/wp\/v2\/posts\/34848\/revisions\/34854"}],"wp:featuredmedia":[{"embeddable":true,"href":"https:\/\/acontecenafronteira.com.br\/index.php\/wp-json\/wp\/v2\/media\/34855"}],"wp:attachment":[{"href":"https:\/\/acontecenafronteira.com.br\/index.php\/wp-json\/wp\/v2\/media?parent=34848"}],"wp:term":[{"taxonomy":"category","embeddable":true,"href":"https:\/\/acontecenafronteira.com.br\/index.php\/wp-json\/wp\/v2\/categories?post=34848"},{"taxonomy":"post_tag","embeddable":true,"href":"https:\/\/acontecenafronteira.com.br\/index.php\/wp-json\/wp\/v2\/tags?post=34848"}],"curies":[{"name":"wp","href":"https:\/\/api.w.org\/{rel}","templated":true}]}}