{"id":34847,"date":"2026-09-04T00:36:35","date_gmt":"2026-09-04T03:36:35","guid":{"rendered":"https:\/\/acontecenafronteira.com.br\/?p=34847"},"modified":"2026-09-04T00:36:35","modified_gmt":"2026-09-04T03:36:35","slug":"milei-avanca-com-plano-economico-apos-aval-na-camara","status":"publish","type":"post","link":"https:\/\/acontecenafronteira.com.br\/index.php\/2026\/09\/04\/milei-avanca-com-plano-economico-apos-aval-na-camara\/","title":{"rendered":"Milei avan\u00e7a com plano econ\u00f4mico ap\u00f3s aval na C\u00e2mara"},"content":{"rendered":"<p>O governo de Javier Milei conquistou um avan\u00e7o estrat\u00e9gico no final de agosto na C\u00e2mara dos Deputados, fortalecendo sua agenda de estabiliza\u00e7\u00e3o econ\u00f4mica na Argentina, apesar dos impactos negativos do forte ajuste fiscal sobre o mercado de trabalho.<\/p>\n<h2>Fim do financiamento estatal<\/h2>\n<p>A base aliada do governo conseguiu aprovar um projeto fundamental que veta o uso do Banco Central para cobrir d\u00e9ficits do governo federal e das administra\u00e7\u00f5es provinciais.<\/p>\n<h2>Pr\u00f3ximo passo no Senado<\/h2>\n<p>Caso a iniciativa seja aprovada pelos senadores, a Argentina eliminar\u00e1 definitivamente a pr\u00e1tica de emiss\u00e3o monet\u00e1ria para cobrir buracos fiscais, sistema similar ao que vigorou no Brasil antes do advento do Plano Real.<\/p>\n<p>Por Reda\u00e7\u00e3o Acontece<\/p>\n<p>Foto: Divulga\u00e7\u00e3o\/Casa Rosada<\/p>\n","protected":false},"excerpt":{"rendered":"<p>O governo de Javier Milei conquistou um avan\u00e7o estrat\u00e9gico no final de agosto na C\u00e2mara dos Deputados, fortalecendo sua agenda de estabiliza\u00e7\u00e3o econ\u00f4mica na Argentina, apesar dos impactos negativos do forte ajuste fiscal sobre o mercado de trabalho. Fim do financiamento estatal A base aliada do governo conseguiu aprovar um projeto fundamental que veta o [&hellip;]<\/p>\n","protected":false},"author":0,"featured_media":34853,"comment_status":"open","ping_status":"open","sticky":false,"template":"","format":"standard","meta":{"footnotes":""},"categories":[28],"tags":[],"class_list":["post-34847","post","type-post","status-publish","format-standard","has-post-thumbnail","hentry","category-mundo"],"_links":{"self":[{"href":"https:\/\/acontecenafronteira.com.br\/index.php\/wp-json\/wp\/v2\/posts\/34847","targetHints":{"allow":["GET"]}}],"collection":[{"href":"https:\/\/acontecenafronteira.com.br\/index.php\/wp-json\/wp\/v2\/posts"}],"about":[{"href":"https:\/\/acontecenafronteira.com.br\/index.php\/wp-json\/wp\/v2\/types\/post"}],"replies":[{"embeddable":true,"href":"https:\/\/acontecenafronteira.com.br\/index.php\/wp-json\/wp\/v2\/comments?post=34847"}],"version-history":[{"count":1,"href":"https:\/\/acontecenafronteira.com.br\/index.php\/wp-json\/wp\/v2\/posts\/34847\/revisions"}],"predecessor-version":[{"id":34852,"href":"https:\/\/acontecenafronteira.com.br\/index.php\/wp-json\/wp\/v2\/posts\/34847\/revisions\/34852"}],"wp:featuredmedia":[{"embeddable":true,"href":"https:\/\/acontecenafronteira.com.br\/index.php\/wp-json\/wp\/v2\/media\/34853"}],"wp:attachment":[{"href":"https:\/\/acontecenafronteira.com.br\/index.php\/wp-json\/wp\/v2\/media?parent=34847"}],"wp:term":[{"taxonomy":"category","embeddable":true,"href":"https:\/\/acontecenafronteira.com.br\/index.php\/wp-json\/wp\/v2\/categories?post=34847"},{"taxonomy":"post_tag","embeddable":true,"href":"https:\/\/acontecenafronteira.com.br\/index.php\/wp-json\/wp\/v2\/tags?post=34847"}],"curies":[{"name":"wp","href":"https:\/\/api.w.org\/{rel}","templated":true}]}}