{"id":34846,"date":"2026-09-04T00:36:25","date_gmt":"2026-09-04T03:36:25","guid":{"rendered":"https:\/\/acontecenafronteira.com.br\/?p=34846"},"modified":"2026-09-04T00:36:25","modified_gmt":"2026-09-04T03:36:25","slug":"divida-publica-do-brasil-atinge-maior-patamar-desde-2021","status":"publish","type":"post","link":"https:\/\/acontecenafronteira.com.br\/index.php\/2026\/09\/04\/divida-publica-do-brasil-atinge-maior-patamar-desde-2021\/","title":{"rendered":"D\u00edvida p\u00fablica do Brasil atinge maior patamar desde 2021"},"content":{"rendered":"<p>A <strong>d\u00edvida p\u00fablica do Brasil<\/strong> alcan\u00e7ou a marca de 82,5% do Produto Interno Bruto (PIB), conforme os dados mais recentes divulgados pelo Banco Central.<\/p>\n<h2>Crescimento expressivo da d\u00edvida<\/h2>\n<p>Esse indicador representa o patamar mais elevado registrado desde o m\u00eas de abril de 2021, per\u00edodo cr\u00edtico marcado pela pandemia de COVID-19.<\/p>\n<p>O avan\u00e7o atual coloca o endividamento em um n\u00edvel superior a dez pontos percentuais acima do volume que foi herdado pela gest\u00e3o do presidente Luiz In\u00e1cio Lula da Silva.<\/p>\n<h2>Impactos nas contas p\u00fablicas<\/h2>\n<p>Especialistas destacam que esse cen\u00e1rio \u00e9 um term\u00f4metro fundamental para mensurar a efic\u00e1cia e o real <strong>compromisso fiscal<\/strong> da administra\u00e7\u00e3o federal.<\/p>\n<p>A expans\u00e3o acentuada do endividamento gera debates intensos no mercado financeiro sobre a sustentabilidade a m\u00e9dio e longo prazo.<\/p>\n<h2>Perspectivas para o or\u00e7amento<\/h2>\n<p>As proje\u00e7\u00f5es econ\u00f4micas e as discuss\u00f5es sobre o or\u00e7amento futuro refletem diretamente esse clima de cautela e a desconfian\u00e7a dos agentes econ\u00f4micos.<\/p>\n<p>O monitoramento constante desses \u00edndices continua sendo o principal foco de economistas e investidores na avalia\u00e7\u00e3o da estabilidade macroecon\u00f4mica do pa\u00eds.<\/p>\n<p>Por Reda\u00e7\u00e3o Acontece<\/p>\n<p>Cr\u00e9ditos da imagem: Banco Central \/ Divulga\u00e7\u00e3o<\/p>\n","protected":false},"excerpt":{"rendered":"<p>A d\u00edvida p\u00fablica do Brasil alcan\u00e7ou a marca de 82,5% do Produto Interno Bruto (PIB), conforme os dados mais recentes divulgados pelo Banco Central. Crescimento expressivo da d\u00edvida Esse indicador representa o patamar mais elevado registrado desde o m\u00eas de abril de 2021, per\u00edodo cr\u00edtico marcado pela pandemia de COVID-19. O avan\u00e7o atual coloca o [&hellip;]<\/p>\n","protected":false},"author":0,"featured_media":34851,"comment_status":"open","ping_status":"open","sticky":false,"template":"","format":"standard","meta":{"footnotes":""},"categories":[28],"tags":[],"class_list":["post-34846","post","type-post","status-publish","format-standard","has-post-thumbnail","hentry","category-mundo"],"_links":{"self":[{"href":"https:\/\/acontecenafronteira.com.br\/index.php\/wp-json\/wp\/v2\/posts\/34846","targetHints":{"allow":["GET"]}}],"collection":[{"href":"https:\/\/acontecenafronteira.com.br\/index.php\/wp-json\/wp\/v2\/posts"}],"about":[{"href":"https:\/\/acontecenafronteira.com.br\/index.php\/wp-json\/wp\/v2\/types\/post"}],"replies":[{"embeddable":true,"href":"https:\/\/acontecenafronteira.com.br\/index.php\/wp-json\/wp\/v2\/comments?post=34846"}],"version-history":[{"count":1,"href":"https:\/\/acontecenafronteira.com.br\/index.php\/wp-json\/wp\/v2\/posts\/34846\/revisions"}],"predecessor-version":[{"id":34850,"href":"https:\/\/acontecenafronteira.com.br\/index.php\/wp-json\/wp\/v2\/posts\/34846\/revisions\/34850"}],"wp:featuredmedia":[{"embeddable":true,"href":"https:\/\/acontecenafronteira.com.br\/index.php\/wp-json\/wp\/v2\/media\/34851"}],"wp:attachment":[{"href":"https:\/\/acontecenafronteira.com.br\/index.php\/wp-json\/wp\/v2\/media?parent=34846"}],"wp:term":[{"taxonomy":"category","embeddable":true,"href":"https:\/\/acontecenafronteira.com.br\/index.php\/wp-json\/wp\/v2\/categories?post=34846"},{"taxonomy":"post_tag","embeddable":true,"href":"https:\/\/acontecenafronteira.com.br\/index.php\/wp-json\/wp\/v2\/tags?post=34846"}],"curies":[{"name":"wp","href":"https:\/\/api.w.org\/{rel}","templated":true}]}}