{"id":34837,"date":"2026-09-04T00:36:05","date_gmt":"2026-09-04T03:36:05","guid":{"rendered":"https:\/\/acontecenafronteira.com.br\/?p=34837"},"modified":"2026-09-04T00:36:05","modified_gmt":"2026-09-04T03:36:05","slug":"eleicoes-pr-2026-requiao-filho-foca-agenda-em-empresarios","status":"publish","type":"post","link":"https:\/\/acontecenafronteira.com.br\/index.php\/2026\/09\/04\/eleicoes-pr-2026-requiao-filho-foca-agenda-em-empresarios\/","title":{"rendered":"Elei\u00e7\u00f5es PR 2026: Requi\u00e3o Filho foca agenda em empres\u00e1rios"},"content":{"rendered":"<p>O candidato ao governo do estado pelo PDT, Requi\u00e3o Filho, intensifica sua campanha nesta quinta-feira (3) com compromissos voltados ao setor produtivo e a lideran\u00e7as locais no munic\u00edpio de Dois Vizinhos, localizado na regi\u00e3o Sudoeste paranaense.<\/p>\n<h2>Encontro com o setor empresarial<\/h2>\n<p>A programa\u00e7\u00e3o oficial do candidato tem in\u00edcio \u00e0s 17h, hor\u00e1rio marcado para sua participa\u00e7\u00e3o em um encontro com a diretoria da Associa\u00e7\u00e3o Empresarial de Dois Vizinhos (ACEDV-CDL). A pauta do evento gira em torno das demandas econ\u00f4micas e comerciais da regi\u00e3o.<\/p>\n<h2>Di\u00e1logo com o esporte local<\/h2>\n<p>Mais tarde, \u00e0s 19h, o representante do PDT encerra o dia de atividades p\u00fablicas na cidade com uma reuni\u00e3o estrat\u00e9gica junto a dirigentes de um tradicional clube esportivo do munic\u00edpio.<\/p>\n<h2>Calend\u00e1rio da disputa eleitoral<\/h2>\n<p>Oficialmente iniciada em 16 de agosto em todo o territ\u00f3rio nacional, a campanha permitiu o in\u00edcio dos pedidos de votos, com\u00edcios, caminhadas, debates e a veicula\u00e7\u00e3o de propostas na internet, r\u00e1dio e televis\u00e3o, conforme as diretrizes impostas pela Justi\u00e7a Eleitoral.<\/p>\n<p>O pleito para o primeiro turno est\u00e1 agendado para o dia 4 de outubro, enquanto a eventual segunda etapa ocorrer\u00e1 em 25 de outubro. No Paran\u00e1, a corrida pelo Pal\u00e1cio Igua\u00e7u conta com oito postulantes registrados pelas legendas partid\u00e1rias.<\/p>\n<p>A disputa pelo governo estadual inclui os nomes de Adriano Teixeira (PCO), Alexandre Salom\u00e3o (Mobiliza), Luiz Fran\u00e7a (Miss\u00e3o), Requi\u00e3o Filho (PDT), Samuel Mattos (PSTU), Sandro Alex (PSD), S\u00e9rgio Moro (PL) e Tayn\u00e1 Miessa (UP).<\/p>\n<p>Por Reda\u00e7\u00e3o Acontece<\/p>\n<p>Valdir Amaral\/Assembleia Legislativa do Paran\u00e1<\/p>\n","protected":false},"excerpt":{"rendered":"<p>O candidato ao governo do estado pelo PDT, Requi\u00e3o Filho, intensifica sua campanha nesta quinta-feira (3) com compromissos voltados ao setor produtivo e a lideran\u00e7as locais no munic\u00edpio de Dois Vizinhos, localizado na regi\u00e3o Sudoeste paranaense. Encontro com o setor empresarial A programa\u00e7\u00e3o oficial do candidato tem in\u00edcio \u00e0s 17h, hor\u00e1rio marcado para sua participa\u00e7\u00e3o [&hellip;]<\/p>\n","protected":false},"author":0,"featured_media":34845,"comment_status":"open","ping_status":"open","sticky":false,"template":"","format":"standard","meta":{"footnotes":""},"categories":[18],"tags":[],"class_list":["post-34837","post","type-post","status-publish","format-standard","has-post-thumbnail","hentry","category-parana"],"_links":{"self":[{"href":"https:\/\/acontecenafronteira.com.br\/index.php\/wp-json\/wp\/v2\/posts\/34837","targetHints":{"allow":["GET"]}}],"collection":[{"href":"https:\/\/acontecenafronteira.com.br\/index.php\/wp-json\/wp\/v2\/posts"}],"about":[{"href":"https:\/\/acontecenafronteira.com.br\/index.php\/wp-json\/wp\/v2\/types\/post"}],"replies":[{"embeddable":true,"href":"https:\/\/acontecenafronteira.com.br\/index.php\/wp-json\/wp\/v2\/comments?post=34837"}],"version-history":[{"count":1,"href":"https:\/\/acontecenafronteira.com.br\/index.php\/wp-json\/wp\/v2\/posts\/34837\/revisions"}],"predecessor-version":[{"id":34844,"href":"https:\/\/acontecenafronteira.com.br\/index.php\/wp-json\/wp\/v2\/posts\/34837\/revisions\/34844"}],"wp:featuredmedia":[{"embeddable":true,"href":"https:\/\/acontecenafronteira.com.br\/index.php\/wp-json\/wp\/v2\/media\/34845"}],"wp:attachment":[{"href":"https:\/\/acontecenafronteira.com.br\/index.php\/wp-json\/wp\/v2\/media?parent=34837"}],"wp:term":[{"taxonomy":"category","embeddable":true,"href":"https:\/\/acontecenafronteira.com.br\/index.php\/wp-json\/wp\/v2\/categories?post=34837"},{"taxonomy":"post_tag","embeddable":true,"href":"https:\/\/acontecenafronteira.com.br\/index.php\/wp-json\/wp\/v2\/tags?post=34837"}],"curies":[{"name":"wp","href":"https:\/\/api.w.org\/{rel}","templated":true}]}}