{"id":34836,"date":"2026-09-04T00:35:59","date_gmt":"2026-09-04T03:35:59","guid":{"rendered":"https:\/\/acontecenafronteira.com.br\/?p=34836"},"modified":"2026-09-04T00:35:59","modified_gmt":"2026-09-04T03:35:59","slug":"socorristas-consolam-pais-apos-morte-de-filha-em-capotamento-no-pr","status":"publish","type":"post","link":"https:\/\/acontecenafronteira.com.br\/index.php\/2026\/09\/04\/socorristas-consolam-pais-apos-morte-de-filha-em-capotamento-no-pr\/","title":{"rendered":"Socorristas consolam pais ap\u00f3s morte de filha em capotamento no PR"},"content":{"rendered":"<p>Uma equipe de atendimento m\u00e9dico de emerg\u00eancia foi registrada em v\u00eddeo acolhendo e consolando um casal que perdeu a filha de apenas sete anos durante um grave acidente rodovi\u00e1rio no interior do estado paranaense.<\/p>\n<h2>O momento do resgate e a como\u00e7\u00e3o<\/h2>\n<p>A grava\u00e7\u00e3o foi realizada no \u00faltimo domingo (30), logo ap\u00f3s o ve\u00edculo em que pai e crian\u00e7a viajavam sofrer um capotamento em uma via de terra batida situada na zona rural do munic\u00edpio de Marialva, na regi\u00e3o Norte do estado.<\/p>\n<p>Conforme os relatos obtidos pelas autoridades, a menina acabou sendo lan\u00e7ada para fora do autom\u00f3vel durante o capotamento e sofreu ferimentos graves. Apesar dos esfor\u00e7os intensos e prolongados da equipe m\u00e9dica para reanim\u00e1-la, a crian\u00e7a n\u00e3o resistiu e teve o \u00f3bito constatado ainda no local da ocorr\u00eancia.<\/p>\n<h2>Apoio emocional prestado pela equipe<\/h2>\n<p>Nas imagens que comoveram a internet, o pai e a m\u00e3e aparecem sentados diretamente sobre o solo, devastados pela perda, enquanto recebem suporte direto dos profissionais de sa\u00fade.<\/p>\n<p>Os socorristas identificados na grava\u00e7\u00e3o s\u00e3o a enfermeira Camila Canola e o motorista socorrista Leonardo Zangari, que se abaixaram para oferecer abra\u00e7os, palavras de conforto e suporte psicol\u00f3gico imediato aos enlutados. A coordena\u00e7\u00e3o do servi\u00e7o destacou que lidar com essa carga emocional faz parte da rotina humanizada exigida na carreira de atendimento pr\u00e9-hospitalar.<\/p>\n<h2>Din\u00e2mica do acidente na zona rural<\/h2>\n<p>Informa\u00e7\u00f5es levantadas no local indicam que o condutor perdeu o controle da dire\u00e7\u00e3o ap\u00f3s o autom\u00f3vel derrapar em pedras soltas na estrada vicinal, resultando no capotamento e na eje\u00e7\u00e3o de ambos os ocupantes.<\/p>\n<p>Um enfermeiro que passava pela regi\u00e3o foi o primeiro a prestar os socorros iniciais \u00e0 v\u00edtima. Na sequ\u00eancia, unidades terrestres e uma aeronave de resgate do Servi\u00e7o de Atendimento M\u00f3vel de Urg\u00eancia deslocaram-se para a \u00e1rea de dif\u00edcil acesso para dar continuidade ao atendimento. A Pol\u00edcia Militar do Paran\u00e1 esteve presente para registrar a ocorr\u00eancia e submeteu o condutor a um teste de alcoolemia, cujo resultado apontou negativo para o consumo de bebidas alco\u00f3licas.<\/p>\n<p>Por Reda\u00e7\u00e3o Acontece<\/p>\n<p>Plant\u00e3o Maring\u00e1 \/ Ronaldo Vanzo\/RPC Maring\u00e1<\/p>\n","protected":false},"excerpt":{"rendered":"<p>Uma equipe de atendimento m\u00e9dico de emerg\u00eancia foi registrada em v\u00eddeo acolhendo e consolando um casal que perdeu a filha de apenas sete anos durante um grave acidente rodovi\u00e1rio no interior do estado paranaense. O momento do resgate e a como\u00e7\u00e3o A grava\u00e7\u00e3o foi realizada no \u00faltimo domingo (30), logo ap\u00f3s o ve\u00edculo em que [&hellip;]<\/p>\n","protected":false},"author":0,"featured_media":34843,"comment_status":"open","ping_status":"open","sticky":false,"template":"","format":"standard","meta":{"footnotes":""},"categories":[18],"tags":[],"class_list":["post-34836","post","type-post","status-publish","format-standard","has-post-thumbnail","hentry","category-parana"],"_links":{"self":[{"href":"https:\/\/acontecenafronteira.com.br\/index.php\/wp-json\/wp\/v2\/posts\/34836","targetHints":{"allow":["GET"]}}],"collection":[{"href":"https:\/\/acontecenafronteira.com.br\/index.php\/wp-json\/wp\/v2\/posts"}],"about":[{"href":"https:\/\/acontecenafronteira.com.br\/index.php\/wp-json\/wp\/v2\/types\/post"}],"replies":[{"embeddable":true,"href":"https:\/\/acontecenafronteira.com.br\/index.php\/wp-json\/wp\/v2\/comments?post=34836"}],"version-history":[{"count":1,"href":"https:\/\/acontecenafronteira.com.br\/index.php\/wp-json\/wp\/v2\/posts\/34836\/revisions"}],"predecessor-version":[{"id":34842,"href":"https:\/\/acontecenafronteira.com.br\/index.php\/wp-json\/wp\/v2\/posts\/34836\/revisions\/34842"}],"wp:featuredmedia":[{"embeddable":true,"href":"https:\/\/acontecenafronteira.com.br\/index.php\/wp-json\/wp\/v2\/media\/34843"}],"wp:attachment":[{"href":"https:\/\/acontecenafronteira.com.br\/index.php\/wp-json\/wp\/v2\/media?parent=34836"}],"wp:term":[{"taxonomy":"category","embeddable":true,"href":"https:\/\/acontecenafronteira.com.br\/index.php\/wp-json\/wp\/v2\/categories?post=34836"},{"taxonomy":"post_tag","embeddable":true,"href":"https:\/\/acontecenafronteira.com.br\/index.php\/wp-json\/wp\/v2\/tags?post=34836"}],"curies":[{"name":"wp","href":"https:\/\/api.w.org\/{rel}","templated":true}]}}