{"id":34834,"date":"2026-09-04T00:35:49","date_gmt":"2026-09-04T03:35:49","guid":{"rendered":"https:\/\/acontecenafronteira.com.br\/?p=34834"},"modified":"2026-09-04T00:35:49","modified_gmt":"2026-09-04T03:35:49","slug":"homem-que-espancou-esposa-filmado-por-enteado-tem-historico","status":"publish","type":"post","link":"https:\/\/acontecenafronteira.com.br\/index.php\/2026\/09\/04\/homem-que-espancou-esposa-filmado-por-enteado-tem-historico\/","title":{"rendered":"Homem que espancou esposa filmado por enteado tem hist\u00f3rico"},"content":{"rendered":"<p>Homem que espancou esposa filmado por enteado tem hist\u00f3rico Agressor filmado pelo enteado de 8 anos em Jaguaria\u00edva (PR) j\u00e1 tinha passagem por viol\u00eancia dom\u00e9stica. Caso gerou pris\u00e3o preventiva e forte repercuss\u00e3o. Um homem de 54 anos preso em Jaguaria\u00edva, nos Campos Gerais do Paran\u00e1, ap\u00f3s espancar brutalmente a esposa enquanto era gravado pelo enteado de oito anos, possui antecedentes criminais por viol\u00eancia dom\u00e9stica e recepta\u00e7\u00e3o. <\/p>\n<h2>O crime e o flagrante gravado por crian\u00e7a<\/h2>\n<p> O epis\u00f3dio de extrema viol\u00eancia ocorreu em 30 de agosto. A v\u00edtima, temendo por sua vida, orientou o filho mais velho a registrar as agress\u00f5es com um telefone celular para garantir provas futuras. Nas imagens, ela chega a declarar que, se fosse morta, o parceiro ao menos seria preso. Uma filha de dois anos do casal tamb\u00e9m estava no local. O Minist\u00e9rio P\u00fablico detalhou que o agressor utilizou socos, pux\u00f5es de cabelo, empurr\u00f5es, um peda\u00e7o de madeira e um travesseiro para tentar sufocar a mulher. Al\u00e9m disso, o suspeito amea\u00e7ou matar a v\u00edtima e os herdeiros caso fosse delatado, e ainda desferiu um golpe nas costas do menino. <\/p>\n<h2>Pris\u00e3o e hist\u00f3rico criminal<\/h2>\n<p> Ap\u00f3s as agress\u00f5es f\u00edsicas, a mulher foi mantida em c\u00e1rcere privado dentro da resid\u00eancia. Aproveitando um momento de descuido enquanto o companheiro dormia na madrugada, ela conseguiu reaver o aparelho telef\u00f4nico, criou um perfil falso nas redes sociais e publicou o v\u00eddeo para pedir socorro urgente. Uma irm\u00e3 da v\u00edtima visualizou a postagem e acionou imediatamente a Guarda Municipal. O suspeito foi detido em flagrante e teve a pris\u00e3o convertida em preventiva pela Justi\u00e7a. <\/p>\n<h2>Processo judicial em andamento<\/h2>\n<p> De acordo com as investiga\u00e7\u00f5es da Pol\u00edcia Civil, o hist\u00f3rico do acusado inclui ao menos oito processos que tramitam em segredo de justi\u00e7a, abrangendo passagens anteriores pelo crime de recepta\u00e7\u00e3o e outra ocorr\u00eancia de viol\u00eancia dom\u00e9stica. O Minist\u00e9rio P\u00fablico ofereceu den\u00fancia contra o r\u00e9u por les\u00e3o corporal qualificada, amea\u00e7a e vias de fato no \u00e2mbito da Lei Maria da Penha. A acusa\u00e7\u00e3o foi aceita pelo Poder Judici\u00e1rio, transformando-o oficialmente em r\u00e9u enquanto o processo segue em andamento. Por Reda\u00e7\u00e3o Acontece Reprodu\u00e7\u00e3o<\/p>\n","protected":false},"excerpt":{"rendered":"<p>Homem que espancou esposa filmado por enteado tem hist\u00f3rico Agressor filmado pelo enteado de 8 anos em Jaguaria\u00edva (PR) j\u00e1 tinha passagem por viol\u00eancia dom\u00e9stica. Caso gerou pris\u00e3o preventiva e forte repercuss\u00e3o. Um homem de 54 anos preso em Jaguaria\u00edva, nos Campos Gerais do Paran\u00e1, ap\u00f3s espancar brutalmente a esposa enquanto era gravado pelo enteado [&hellip;]<\/p>\n","protected":false},"author":0,"featured_media":34839,"comment_status":"open","ping_status":"open","sticky":false,"template":"","format":"standard","meta":{"footnotes":""},"categories":[18],"tags":[],"class_list":["post-34834","post","type-post","status-publish","format-standard","has-post-thumbnail","hentry","category-parana"],"_links":{"self":[{"href":"https:\/\/acontecenafronteira.com.br\/index.php\/wp-json\/wp\/v2\/posts\/34834","targetHints":{"allow":["GET"]}}],"collection":[{"href":"https:\/\/acontecenafronteira.com.br\/index.php\/wp-json\/wp\/v2\/posts"}],"about":[{"href":"https:\/\/acontecenafronteira.com.br\/index.php\/wp-json\/wp\/v2\/types\/post"}],"replies":[{"embeddable":true,"href":"https:\/\/acontecenafronteira.com.br\/index.php\/wp-json\/wp\/v2\/comments?post=34834"}],"version-history":[{"count":1,"href":"https:\/\/acontecenafronteira.com.br\/index.php\/wp-json\/wp\/v2\/posts\/34834\/revisions"}],"predecessor-version":[{"id":34838,"href":"https:\/\/acontecenafronteira.com.br\/index.php\/wp-json\/wp\/v2\/posts\/34834\/revisions\/34838"}],"wp:featuredmedia":[{"embeddable":true,"href":"https:\/\/acontecenafronteira.com.br\/index.php\/wp-json\/wp\/v2\/media\/34839"}],"wp:attachment":[{"href":"https:\/\/acontecenafronteira.com.br\/index.php\/wp-json\/wp\/v2\/media?parent=34834"}],"wp:term":[{"taxonomy":"category","embeddable":true,"href":"https:\/\/acontecenafronteira.com.br\/index.php\/wp-json\/wp\/v2\/categories?post=34834"},{"taxonomy":"post_tag","embeddable":true,"href":"https:\/\/acontecenafronteira.com.br\/index.php\/wp-json\/wp\/v2\/tags?post=34834"}],"curies":[{"name":"wp","href":"https:\/\/api.w.org\/{rel}","templated":true}]}}