{"id":34824,"date":"2026-09-03T23:36:27","date_gmt":"2026-09-04T02:36:27","guid":{"rendered":"https:\/\/acontecenafronteira.com.br\/?p=34824"},"modified":"2026-09-03T23:36:27","modified_gmt":"2026-09-04T02:36:27","slug":"moraes-pede-investigacao-de-andre-mendonca-por-abuso-no-stf","status":"publish","type":"post","link":"https:\/\/acontecenafronteira.com.br\/index.php\/2026\/09\/03\/moraes-pede-investigacao-de-andre-mendonca-por-abuso-no-stf\/","title":{"rendered":"Moraes pede investiga\u00e7\u00e3o de Andr\u00e9 Mendon\u00e7a por abuso no STF"},"content":{"rendered":"<p>O ministro Alexandre de Moraes encaminhou uma peti\u00e7\u00e3o ao presidente do STF, Edson Fachin, no \u00e2mbito do inqu\u00e9rito 4.781. O documento solicita a apura\u00e7\u00e3o da atua\u00e7\u00e3o do ministro Andr\u00e9 Mendon\u00e7a por poss\u00edveis pr\u00e1ticas de abuso de autoridade, advocacia administrativa e crime de responsabilidade na relatoria das PETs 15041 (Opera\u00e7\u00e3o Sem Desconto) e 15556 (Opera\u00e7\u00e3o Compliance Zero).<\/p>\n<h2>Acusa\u00e7\u00f5es de quebra de imparcialidade<\/h2>\n<p>Moraes aponta que o colega de corte incidiu em quebra da imparcialidade judicial e favorecimento pol\u00edtico. Entre as condutas listadas est\u00e3o a usurpa\u00e7\u00e3o da dire\u00e7\u00e3o das investiga\u00e7\u00f5es policiais, com interfer\u00eancia na cadeia de cust\u00f3dia, al\u00e9m de condu\u00e7\u00e3o irregular em tratativas de dela\u00e7\u00e3o premiada e direcionamento de alvos por motivos pessoais.<\/p>\n<p>O magistrado suspendeu o sigilo de sua decis\u00e3o e dos relat\u00f3rios de intelig\u00eancia da Pol\u00edcia Federal que embasam o pedido. Os documentos detalham como o gabinete do relator teria tomado o controle de discos r\u00edgidos e dados sigilosos, eliminando a auditabilidade e o filtro t\u00e9cnico exigido dos delegados.<\/p>\n<h2>Relat\u00f3rios de intelig\u00eancia e controle de provas<\/h2>\n<p>O material enviado a Fachin aponta que Mendon\u00e7a atuava como se presidisse os inqu\u00e9ritos diretamente. O acesso antecipado ao acervo bruto de investiga\u00e7\u00f5es, sem a supervis\u00e3o da Pol\u00edcia Federal, permitia a consulta e an\u00e1lise de teor fora dos padr\u00f5es legais, comprometendo a integridade das provas.<\/p>\n<p>Outro ponto destacado envolve a participa\u00e7\u00e3o nas negocia\u00e7\u00f5es de colabora\u00e7\u00e3o premiada, conduta vedada pela legisla\u00e7\u00e3o. O relat\u00f3rio menciona tratativas diretas com defensores e propostas de benef\u00edcios extralegais n\u00e3o previstos em lei, cujo \u00f4nus recairia sobre a corpora\u00e7\u00e3o policial.<\/p>\n<h2>Alvos estrat\u00e9gicos e atritos institucionais<\/h2>\n<p>A apura\u00e7\u00e3o indica que o relator teria demonstrado interesse em investiga\u00e7\u00f5es direcionadas contra o pr\u00f3prio Alexandre de Moraes, al\u00e9m de articular a\u00e7\u00f5es contra o diretor-geral da Pol\u00edcia Federal, Andrei Rodrigues, e o procurador-geral da Rep\u00fablica, Paulo Gonet, sob justificativas de falta de confian\u00e7a e proximidade com outros ministros.<\/p>\n<p>O relat\u00f3rio tamb\u00e9m aponta assimetria no tratamento de figuras p\u00fablicas e parlamentares, aplicando crit\u00e9rios distintos conforme o espectro pol\u00edtico dos envolvidos, como no caso de diverg\u00eancias na condu\u00e7\u00e3o de men\u00e7\u00f5es a pol\u00edticos de diferentes partidos.<\/p>\n<p>O caso agora segue sob an\u00e1lise da presid\u00eancia do Supremo Tribunal Federal para definir os desdobramentos das den\u00fancias formalizadas pela corpora\u00e7\u00e3o policial e pelo ministro Alexandre de Moraes.<\/p>\n<p>Por Reda\u00e7\u00e3o Acontece<\/p>\n<p>Imagem: Divulga\u00e7\u00e3o \/ STF<\/p>\n","protected":false},"excerpt":{"rendered":"<p>O ministro Alexandre de Moraes encaminhou uma peti\u00e7\u00e3o ao presidente do STF, Edson Fachin, no \u00e2mbito do inqu\u00e9rito 4.781. O documento solicita a apura\u00e7\u00e3o da atua\u00e7\u00e3o do ministro Andr\u00e9 Mendon\u00e7a por poss\u00edveis pr\u00e1ticas de abuso de autoridade, advocacia administrativa e crime de responsabilidade na relatoria das PETs 15041 (Opera\u00e7\u00e3o Sem Desconto) e 15556 (Opera\u00e7\u00e3o Compliance [&hellip;]<\/p>\n","protected":false},"author":0,"featured_media":34831,"comment_status":"open","ping_status":"open","sticky":false,"template":"","format":"standard","meta":{"footnotes":""},"categories":[6],"tags":[],"class_list":["post-34824","post","type-post","status-publish","format-standard","has-post-thumbnail","hentry","category-mercosul"],"_links":{"self":[{"href":"https:\/\/acontecenafronteira.com.br\/index.php\/wp-json\/wp\/v2\/posts\/34824","targetHints":{"allow":["GET"]}}],"collection":[{"href":"https:\/\/acontecenafronteira.com.br\/index.php\/wp-json\/wp\/v2\/posts"}],"about":[{"href":"https:\/\/acontecenafronteira.com.br\/index.php\/wp-json\/wp\/v2\/types\/post"}],"replies":[{"embeddable":true,"href":"https:\/\/acontecenafronteira.com.br\/index.php\/wp-json\/wp\/v2\/comments?post=34824"}],"version-history":[{"count":1,"href":"https:\/\/acontecenafronteira.com.br\/index.php\/wp-json\/wp\/v2\/posts\/34824\/revisions"}],"predecessor-version":[{"id":34830,"href":"https:\/\/acontecenafronteira.com.br\/index.php\/wp-json\/wp\/v2\/posts\/34824\/revisions\/34830"}],"wp:featuredmedia":[{"embeddable":true,"href":"https:\/\/acontecenafronteira.com.br\/index.php\/wp-json\/wp\/v2\/media\/34831"}],"wp:attachment":[{"href":"https:\/\/acontecenafronteira.com.br\/index.php\/wp-json\/wp\/v2\/media?parent=34824"}],"wp:term":[{"taxonomy":"category","embeddable":true,"href":"https:\/\/acontecenafronteira.com.br\/index.php\/wp-json\/wp\/v2\/categories?post=34824"},{"taxonomy":"post_tag","embeddable":true,"href":"https:\/\/acontecenafronteira.com.br\/index.php\/wp-json\/wp\/v2\/tags?post=34824"}],"curies":[{"name":"wp","href":"https:\/\/api.w.org\/{rel}","templated":true}]}}