{"id":34823,"date":"2026-09-03T23:36:22","date_gmt":"2026-09-04T02:36:22","guid":{"rendered":"https:\/\/acontecenafronteira.com.br\/?p=34823"},"modified":"2026-09-03T23:36:22","modified_gmt":"2026-09-04T02:36:22","slug":"ancelotti-promete-renovacao-na-selecao-e-novos-jovens","status":"publish","type":"post","link":"https:\/\/acontecenafronteira.com.br\/index.php\/2026\/09\/03\/ancelotti-promete-renovacao-na-selecao-e-novos-jovens\/","title":{"rendered":"Ancelotti promete renova\u00e7\u00e3o na Sele\u00e7\u00e3o e novos jovens"},"content":{"rendered":"<p>O t\u00e9cnico Carlo Ancelotti anunciou planos concretos para promover uma profunda renova\u00e7\u00e3o na <strong>Sele\u00e7\u00e3o Brasileira<\/strong>, abrindo espa\u00e7o para uma nova gera\u00e7\u00e3o de atletas com foco na disputa da Copa do Mundo de 2030.<\/p>\n<h2>Visita a Valdebebas e novos planos<\/h2>\n<p>Durante uma visita recente ao centro de treinamento do Real Madrid, em Valdebebas, na Espanha, o comandante italiano conversou com a emissora oficial do clube merengue. Na ocasi\u00e3o, ele destacou o talento dos atletas na faixa dos 20 anos e garantiu que os pr\u00f3ximos amistosos ser\u00e3o fundamentais para observar esses talentos de perto.<\/p>\n<p>Segundo o treinador, o ciclo mundialista encerrado recentemente deixou uma lacuna que precisa ser preenchida. <strong>A Copa do Mundo<\/strong> encerrou o ciclo de grandes atletas, tornando essencial o surgimento de novos nomes para vestir a camisa amarela.<\/p>\n<h2>Monitoramento global e foco em 2030<\/h2>\n<p>A comiss\u00e3o t\u00e9cnica brasileira j\u00e1 est\u00e1 mapeando promessas do futebol espalhadas por todo o planeta. O objetivo central \u00e9 estruturar um grupo competitivo, ambicioso e qualificado para encarar as principais pot\u00eancias mundiais no torneio de 2030.<\/p>\n<h2>Calend\u00e1rio de amistosos e convoca\u00e7\u00f5es<\/h2>\n<p>O in\u00edcio dessa nova fase tem data marcada para o an\u00fancio oficial da primeira lista p\u00f3s-Mundial, que ocorrer\u00e1 na pr\u00f3xima quarta-feira (9\/7), \u00e0s 15h. Os atletas selecionados entrar\u00e3o em campo em setembro para dois duelos contra a Austr\u00e1lia, nos dias 25 e 29, no Queensland Country Bank Stadium (Townsville) e no Suncorp Stadium (Brisbane), respectivamente.<\/p>\n<p>Na sequ\u00eancia, a equipe nacional viaja para enfrentar a \u00cdndia no dia 3 de outubro, no Salt Lake Stadium, em Calcut\u00e1. Encerrando os compromissos do segundo semestre, o Brasil jogar\u00e1 contra o Jap\u00e3o em novembro, com partidas agendadas para os dias 14 e 11, \u00e0s 7h15 e \u00e0s 7h, no National Stadium, localizado em Singapura.<\/p>\n<p>Por Reda\u00e7\u00e3o Acontece<\/p>\n<p>Antonio Villalba\/Real Madrid via Getty Images<\/p>\n","protected":false},"excerpt":{"rendered":"<p>O t\u00e9cnico Carlo Ancelotti anunciou planos concretos para promover uma profunda renova\u00e7\u00e3o na Sele\u00e7\u00e3o Brasileira, abrindo espa\u00e7o para uma nova gera\u00e7\u00e3o de atletas com foco na disputa da Copa do Mundo de 2030. Visita a Valdebebas e novos planos Durante uma visita recente ao centro de treinamento do Real Madrid, em Valdebebas, na Espanha, o [&hellip;]<\/p>\n","protected":false},"author":0,"featured_media":34829,"comment_status":"open","ping_status":"open","sticky":false,"template":"","format":"standard","meta":{"footnotes":""},"categories":[6],"tags":[],"class_list":["post-34823","post","type-post","status-publish","format-standard","has-post-thumbnail","hentry","category-mercosul"],"_links":{"self":[{"href":"https:\/\/acontecenafronteira.com.br\/index.php\/wp-json\/wp\/v2\/posts\/34823","targetHints":{"allow":["GET"]}}],"collection":[{"href":"https:\/\/acontecenafronteira.com.br\/index.php\/wp-json\/wp\/v2\/posts"}],"about":[{"href":"https:\/\/acontecenafronteira.com.br\/index.php\/wp-json\/wp\/v2\/types\/post"}],"replies":[{"embeddable":true,"href":"https:\/\/acontecenafronteira.com.br\/index.php\/wp-json\/wp\/v2\/comments?post=34823"}],"version-history":[{"count":1,"href":"https:\/\/acontecenafronteira.com.br\/index.php\/wp-json\/wp\/v2\/posts\/34823\/revisions"}],"predecessor-version":[{"id":34828,"href":"https:\/\/acontecenafronteira.com.br\/index.php\/wp-json\/wp\/v2\/posts\/34823\/revisions\/34828"}],"wp:featuredmedia":[{"embeddable":true,"href":"https:\/\/acontecenafronteira.com.br\/index.php\/wp-json\/wp\/v2\/media\/34829"}],"wp:attachment":[{"href":"https:\/\/acontecenafronteira.com.br\/index.php\/wp-json\/wp\/v2\/media?parent=34823"}],"wp:term":[{"taxonomy":"category","embeddable":true,"href":"https:\/\/acontecenafronteira.com.br\/index.php\/wp-json\/wp\/v2\/categories?post=34823"},{"taxonomy":"post_tag","embeddable":true,"href":"https:\/\/acontecenafronteira.com.br\/index.php\/wp-json\/wp\/v2\/tags?post=34823"}],"curies":[{"name":"wp","href":"https:\/\/api.w.org\/{rel}","templated":true}]}}