{"id":34822,"date":"2026-09-03T23:36:17","date_gmt":"2026-09-04T02:36:17","guid":{"rendered":"https:\/\/acontecenafronteira.com.br\/?p=34822"},"modified":"2026-09-03T23:36:17","modified_gmt":"2026-09-04T02:36:17","slug":"tarcisio-rechaca-delacao-de-vorcaro-e-chama-fala-de-ridicula","status":"publish","type":"post","link":"https:\/\/acontecenafronteira.com.br\/index.php\/2026\/09\/03\/tarcisio-rechaca-delacao-de-vorcaro-e-chama-fala-de-ridicula\/","title":{"rendered":"Tarc\u00edsio recha\u00e7a dela\u00e7\u00e3o de Vorcaro e chama fala de rid\u00edcula"},"content":{"rendered":"<p>Tarc\u00edsio recha\u00e7a dela\u00e7\u00e3o de Vorcaro e chama fala de rid\u00edcula Governador de SP classifica como absurda e rid\u00edcula a cita\u00e7\u00e3o de seu nome em acordo de dela\u00e7\u00e3o premiada envolvendo doa\u00e7\u00f5es de campanha. O governador paulista classificou como uma ila\u00e7\u00e3o que &#8220;beira o rid\u00edculo&#8221; as declara\u00e7\u00f5es do banqueiro Daniel Vorcaro em uma proposta de dela\u00e7\u00e3o premiada, que tentou associar doa\u00e7\u00f5es eleitorais recebidas em 2022 a um suposto esquema de propina. <\/p>\n<h2>Contexto das acusa\u00e7\u00f5es e doa\u00e7\u00f5es<\/h2>\n<p> De acordo com informa\u00e7\u00f5es veiculadas pela imprensa, o material entregue por Vorcaro no \u00e2mbito de um acordo de colabora\u00e7\u00e3o sugeria que repasses financeiros feitos por Fabiano Zettel, seu cunhado, para as campanhas de Tarc\u00edsio e do ex-presidente Jair Bolsonaro seriam contrapartidas por acordos pol\u00edticos. A acusa\u00e7\u00e3o mencionava entendimentos supostamente firmados com Gilberto Kassab para garantir a manuten\u00e7\u00e3o das opera\u00e7\u00f5es do cart\u00e3o consignado Credcesta, vinculado ao Banco Master, na estrutura do governo estadual. <\/p>\n<h2>Defesa do governador<\/h2>\n<p> Durante um evento p\u00fablico realizado em Indaiatuba, no interior paulista, o chefe do Executivo estadual negou veementemente qualquer envolvimento com as pr\u00e1ticas relatadas e destacou a total falta de sentido nas suspeitas levantadas contra sua gest\u00e3o e a de seu aliado. O mandat\u00e1rio tamb\u00e9m esclareceu que o credenciamento da empresa respons\u00e1vel pelo Credcesta ocorreu ainda na gest\u00e3o anterior, comandada por Jo\u00e3o Doria, ressaltando que a autoriza\u00e7\u00e3o seguiu rigorosamente os crit\u00e9rios t\u00e9cnicos exigidos pelo Banco Central para institui\u00e7\u00f5es financeiras. Segundo o governador, o estado possui centenas de entidades autorizadas a realizar essa modalidade de servi\u00e7o e o aval foi prontamente cancelado assim que o Banco Master passou por processo de liquida\u00e7\u00e3o. <\/p>\n<h2>Posicionamento de Kassab<\/h2>\n<p> Presente na mesma agenda pol\u00edtica, Gilberto Kassab tamb\u00e9m rejeitou as acusa\u00e7\u00f5es, classificando-as como fantasiosas e fruto de m\u00e1-f\u00e9, al\u00e9m de desafiar a apura\u00e7\u00e3o dos fatos para comprovar a lisura do processo. Por Reda\u00e7\u00e3o Acontece Foto: Reprodu\u00e7\u00e3o<\/p>\n","protected":false},"excerpt":{"rendered":"<p>Tarc\u00edsio recha\u00e7a dela\u00e7\u00e3o de Vorcaro e chama fala de rid\u00edcula Governador de SP classifica como absurda e rid\u00edcula a cita\u00e7\u00e3o de seu nome em acordo de dela\u00e7\u00e3o premiada envolvendo doa\u00e7\u00f5es de campanha. O governador paulista classificou como uma ila\u00e7\u00e3o que &#8220;beira o rid\u00edculo&#8221; as declara\u00e7\u00f5es do banqueiro Daniel Vorcaro em uma proposta de dela\u00e7\u00e3o premiada, [&hellip;]<\/p>\n","protected":false},"author":0,"featured_media":34827,"comment_status":"open","ping_status":"open","sticky":false,"template":"","format":"standard","meta":{"footnotes":""},"categories":[6],"tags":[],"class_list":["post-34822","post","type-post","status-publish","format-standard","has-post-thumbnail","hentry","category-mercosul"],"_links":{"self":[{"href":"https:\/\/acontecenafronteira.com.br\/index.php\/wp-json\/wp\/v2\/posts\/34822","targetHints":{"allow":["GET"]}}],"collection":[{"href":"https:\/\/acontecenafronteira.com.br\/index.php\/wp-json\/wp\/v2\/posts"}],"about":[{"href":"https:\/\/acontecenafronteira.com.br\/index.php\/wp-json\/wp\/v2\/types\/post"}],"replies":[{"embeddable":true,"href":"https:\/\/acontecenafronteira.com.br\/index.php\/wp-json\/wp\/v2\/comments?post=34822"}],"version-history":[{"count":1,"href":"https:\/\/acontecenafronteira.com.br\/index.php\/wp-json\/wp\/v2\/posts\/34822\/revisions"}],"predecessor-version":[{"id":34826,"href":"https:\/\/acontecenafronteira.com.br\/index.php\/wp-json\/wp\/v2\/posts\/34822\/revisions\/34826"}],"wp:featuredmedia":[{"embeddable":true,"href":"https:\/\/acontecenafronteira.com.br\/index.php\/wp-json\/wp\/v2\/media\/34827"}],"wp:attachment":[{"href":"https:\/\/acontecenafronteira.com.br\/index.php\/wp-json\/wp\/v2\/media?parent=34822"}],"wp:term":[{"taxonomy":"category","embeddable":true,"href":"https:\/\/acontecenafronteira.com.br\/index.php\/wp-json\/wp\/v2\/categories?post=34822"},{"taxonomy":"post_tag","embeddable":true,"href":"https:\/\/acontecenafronteira.com.br\/index.php\/wp-json\/wp\/v2\/tags?post=34822"}],"curies":[{"name":"wp","href":"https:\/\/api.w.org\/{rel}","templated":true}]}}