{"id":34813,"date":"2026-09-03T23:36:11","date_gmt":"2026-09-04T02:36:11","guid":{"rendered":"https:\/\/acontecenafronteira.com.br\/?p=34813"},"modified":"2026-09-03T23:36:11","modified_gmt":"2026-09-04T02:36:11","slug":"moraes-reage-a-inquerito-da-pf-e-pede-investigacao-contra-mendonca","status":"publish","type":"post","link":"https:\/\/acontecenafronteira.com.br\/index.php\/2026\/09\/03\/moraes-reage-a-inquerito-da-pf-e-pede-investigacao-contra-mendonca\/","title":{"rendered":"Moraes reage a inqu\u00e9rito da PF e pede investiga\u00e7\u00e3o contra Mendon\u00e7a"},"content":{"rendered":"<p>O ministro Alexandre de Moraes adotou uma postura en\u00e9rgica e imediata ap\u00f3s a publiciza\u00e7\u00e3o de um inqu\u00e9rito da Pol\u00edcia Federal, determinada pelo ministro Andr\u00e9 Mendon\u00e7a na \u00faltima ter\u00e7a-feira.<\/p>\n<h2>A rea\u00e7\u00e3o no Supremo Tribunal Federal<\/h2>\n<p>Fiel ao seu estilo combativo, Moraes dobrou a aposta diante da situa\u00e7\u00e3o e formalizou um pedido diretamente ao ministro Edson Fachin para que seja aberta uma investiga\u00e7\u00e3o contra seu colega de corte, Andr\u00e9 Mendon\u00e7a.<\/p>\n<h2>Novos desdobramentos na Justi\u00e7a<\/h2>\n<p>A movimenta\u00e7\u00e3o r\u00e1pida nos bastidores do Supremo gerou grande repercuss\u00e3o no cen\u00e1rio pol\u00edtico e jur\u00eddico nacional, evidenciando o acirramento de \u00e2nimos entre magistrados da mais alta inst\u00e2ncia do pa\u00eds.<\/p>\n<p>Enquanto o pedido de investiga\u00e7\u00e3o tramita, analistas pol\u00edticos avaliam os impactos dessa queda de bra\u00e7o institucional para o futuro dos inqu\u00e9ritos em curso no tribunal.<\/p>\n<p>O epis\u00f3dio adiciona um novo cap\u00edtulo \u00e0s tens\u00f5es dentro do Supremo Tribunal Federal, com desdobramentos que devem continuar repercutindo nos pr\u00f3ximos dias.<\/p>\n<p>Por Reda\u00e7\u00e3o Acontece<\/p>\n<p>Cr\u00e9ditos da imagem: Divulga\u00e7\u00e3o\/STF<\/p>\n","protected":false},"excerpt":{"rendered":"<p>O ministro Alexandre de Moraes adotou uma postura en\u00e9rgica e imediata ap\u00f3s a publiciza\u00e7\u00e3o de um inqu\u00e9rito da Pol\u00edcia Federal, determinada pelo ministro Andr\u00e9 Mendon\u00e7a na \u00faltima ter\u00e7a-feira. A rea\u00e7\u00e3o no Supremo Tribunal Federal Fiel ao seu estilo combativo, Moraes dobrou a aposta diante da situa\u00e7\u00e3o e formalizou um pedido diretamente ao ministro Edson Fachin [&hellip;]<\/p>\n","protected":false},"author":0,"featured_media":34821,"comment_status":"open","ping_status":"open","sticky":false,"template":"","format":"standard","meta":{"footnotes":""},"categories":[28],"tags":[],"class_list":["post-34813","post","type-post","status-publish","format-standard","has-post-thumbnail","hentry","category-mundo"],"_links":{"self":[{"href":"https:\/\/acontecenafronteira.com.br\/index.php\/wp-json\/wp\/v2\/posts\/34813","targetHints":{"allow":["GET"]}}],"collection":[{"href":"https:\/\/acontecenafronteira.com.br\/index.php\/wp-json\/wp\/v2\/posts"}],"about":[{"href":"https:\/\/acontecenafronteira.com.br\/index.php\/wp-json\/wp\/v2\/types\/post"}],"replies":[{"embeddable":true,"href":"https:\/\/acontecenafronteira.com.br\/index.php\/wp-json\/wp\/v2\/comments?post=34813"}],"version-history":[{"count":1,"href":"https:\/\/acontecenafronteira.com.br\/index.php\/wp-json\/wp\/v2\/posts\/34813\/revisions"}],"predecessor-version":[{"id":34820,"href":"https:\/\/acontecenafronteira.com.br\/index.php\/wp-json\/wp\/v2\/posts\/34813\/revisions\/34820"}],"wp:featuredmedia":[{"embeddable":true,"href":"https:\/\/acontecenafronteira.com.br\/index.php\/wp-json\/wp\/v2\/media\/34821"}],"wp:attachment":[{"href":"https:\/\/acontecenafronteira.com.br\/index.php\/wp-json\/wp\/v2\/media?parent=34813"}],"wp:term":[{"taxonomy":"category","embeddable":true,"href":"https:\/\/acontecenafronteira.com.br\/index.php\/wp-json\/wp\/v2\/categories?post=34813"},{"taxonomy":"post_tag","embeddable":true,"href":"https:\/\/acontecenafronteira.com.br\/index.php\/wp-json\/wp\/v2\/tags?post=34813"}],"curies":[{"name":"wp","href":"https:\/\/api.w.org\/{rel}","templated":true}]}}