{"id":34812,"date":"2026-09-03T23:36:07","date_gmt":"2026-09-04T02:36:07","guid":{"rendered":"https:\/\/acontecenafronteira.com.br\/?p=34812"},"modified":"2026-09-03T23:36:07","modified_gmt":"2026-09-04T02:36:07","slug":"semifinais-da-copa-do-brasil-reunem-times-com-realidades-opostas","status":"publish","type":"post","link":"https:\/\/acontecenafronteira.com.br\/index.php\/2026\/09\/03\/semifinais-da-copa-do-brasil-reunem-times-com-realidades-opostas\/","title":{"rendered":"Semifinais da Copa do Brasil re\u00fanem times com realidades opostas"},"content":{"rendered":"<p>As semifinais da <b>Copa do Brasil<\/b> prometem grandes emo\u00e7\u00f5es ao colocar frente a frente clubes que vivem momentos completamente distintos no <b>Campeonato Brasileiro<\/b>. A Confedera\u00e7\u00e3o Brasileira de Futebol (CBF) agendou os duelos de ida e volta para o per\u00edodo entre 1\u00ba e 8 de novembro, quando tamb\u00e9m definir\u00e1 os mandos de campo, datas e hor\u00e1rios oficiais.<\/p>\n<h2>O momento de Atl\u00e9tico-MG e Gr\u00eamio<\/h2>\n<p>O <b>Atl\u00e9tico-MG<\/b> vive grande fase sob o comando do t\u00e9cnico Eduardo Dom\u00ednguez, acumulando uma invencibilidade de 14 partidas, sendo oito vit\u00f3rias e seis empates, sequ\u00eancia impulsionada ap\u00f3s eliminar o rival Cruzeiro. O desempenho ganhou ainda mais for\u00e7a com a contrata\u00e7\u00e3o do volante Fred, ex-sele\u00e7\u00e3o brasileira, que se integrou rapidamente ao elenco e foi decisivo no cl\u00e1ssico mineiro. No entanto, a participa\u00e7\u00e3o simult\u00e2nea em tr\u00eas torneios exige cautela do treinador com o desgaste f\u00edsico dos atletas.<\/p>\n<p>Do outro lado do confronto, o <b>Gr\u00eamio<\/b> enfrenta um cen\u00e1rio bem mais delicado, ocupando a 15\u00aa coloca\u00e7\u00e3o no Brasileir\u00e3o com 28 pontos, apenas duas position acima da zona de rebaixamento. Mesmo com a vaga na semifinal conquistada ap\u00f3s superar o Internacional, a prioridade do clube ga\u00facho permanece sendo a perman\u00eancia na elite nacional. O t\u00e9cnico Luis Castro busca dar estabilidade \u00e0 equipe, apostando no desempenho do artilheiro Carlos Vin\u00edcius para buscar a classifica\u00e7\u00e3o.<\/p>\n<h2>A trajet\u00f3ria de Palmeiras e Vasco<\/h2>\n<p>Na outra chave do torneio mata-mata, o <b>Palmeiras<\/b> briga ponto a ponto pelo t\u00edtulo do Campeonato Brasileiro com o Flamengo, liderando a competi\u00e7\u00e3o com 52 pontos. O Alviverde chega \u00e0 semifinal ap\u00f3s bater o Santos e tenta superar o hist\u00f3rico recente de elimina\u00e7\u00f5es precoces nas \u00faltimas edi\u00e7\u00f5es da Copa do Brasil, onde acabou superado por equipes como CRB, Corinthians, Flamengo e S\u00e3o Paulo em anos anteriores.<\/p>\n<p>Em contrapartida, o <b>Vasco<\/b> demonstra enorme resili\u00eancia nas copas, repetindo campanhas de destaque ao alcan\u00e7ar novamente a semifinal, mesmo flertando com a zona de rebaixamento no torneio nacional. A equipe carioca tem se destacado em cl\u00e1ssicos e confrontos eliminat\u00f3rios dif\u00edceis, superando advers\u00e1rios como Fluminense e Vit\u00f3ria. No entanto, o retrospecto direto contra o Palmeiras no Brasileir\u00e3o mostra superioridade paulista, incluindo uma goleada recente por 4 a 1 que complica a situa\u00e7\u00e3o dos cariocas no Z-4.<\/p>\n<p>Com cen\u00e1rios t\u00e3o contrastantes tanto no cen\u00e1rio nacional quanto na copa, os duelos de novembro prometem testar a profundidade dos elencos e a capacidade de supera\u00e7\u00e3o de cada clube em busca da grande decis\u00e3o.<\/p>\n<p>Por Reda\u00e7\u00e3o Acontece<\/p>\n<p>Pedro Souza \/ Atl\u00e9tico-MG<\/p>\n","protected":false},"excerpt":{"rendered":"<p>As semifinais da Copa do Brasil prometem grandes emo\u00e7\u00f5es ao colocar frente a frente clubes que vivem momentos completamente distintos no Campeonato Brasileiro. A Confedera\u00e7\u00e3o Brasileira de Futebol (CBF) agendou os duelos de ida e volta para o per\u00edodo entre 1\u00ba e 8 de novembro, quando tamb\u00e9m definir\u00e1 os mandos de campo, datas e hor\u00e1rios [&hellip;]<\/p>\n","protected":false},"author":0,"featured_media":34819,"comment_status":"open","ping_status":"open","sticky":false,"template":"","format":"standard","meta":{"footnotes":""},"categories":[28],"tags":[],"class_list":["post-34812","post","type-post","status-publish","format-standard","has-post-thumbnail","hentry","category-mundo"],"_links":{"self":[{"href":"https:\/\/acontecenafronteira.com.br\/index.php\/wp-json\/wp\/v2\/posts\/34812","targetHints":{"allow":["GET"]}}],"collection":[{"href":"https:\/\/acontecenafronteira.com.br\/index.php\/wp-json\/wp\/v2\/posts"}],"about":[{"href":"https:\/\/acontecenafronteira.com.br\/index.php\/wp-json\/wp\/v2\/types\/post"}],"replies":[{"embeddable":true,"href":"https:\/\/acontecenafronteira.com.br\/index.php\/wp-json\/wp\/v2\/comments?post=34812"}],"version-history":[{"count":1,"href":"https:\/\/acontecenafronteira.com.br\/index.php\/wp-json\/wp\/v2\/posts\/34812\/revisions"}],"predecessor-version":[{"id":34818,"href":"https:\/\/acontecenafronteira.com.br\/index.php\/wp-json\/wp\/v2\/posts\/34812\/revisions\/34818"}],"wp:featuredmedia":[{"embeddable":true,"href":"https:\/\/acontecenafronteira.com.br\/index.php\/wp-json\/wp\/v2\/media\/34819"}],"wp:attachment":[{"href":"https:\/\/acontecenafronteira.com.br\/index.php\/wp-json\/wp\/v2\/media?parent=34812"}],"wp:term":[{"taxonomy":"category","embeddable":true,"href":"https:\/\/acontecenafronteira.com.br\/index.php\/wp-json\/wp\/v2\/categories?post=34812"},{"taxonomy":"post_tag","embeddable":true,"href":"https:\/\/acontecenafronteira.com.br\/index.php\/wp-json\/wp\/v2\/tags?post=34812"}],"curies":[{"name":"wp","href":"https:\/\/api.w.org\/{rel}","templated":true}]}}