{"id":34811,"date":"2026-09-03T23:35:59","date_gmt":"2026-09-04T02:35:59","guid":{"rendered":"https:\/\/acontecenafronteira.com.br\/?p=34811"},"modified":"2026-09-03T23:35:59","modified_gmt":"2026-09-04T02:35:59","slug":"crise-no-stf-oposicao-acusa-moraes-de-retaliacao-contra-mendonca","status":"publish","type":"post","link":"https:\/\/acontecenafronteira.com.br\/index.php\/2026\/09\/03\/crise-no-stf-oposicao-acusa-moraes-de-retaliacao-contra-mendonca\/","title":{"rendered":"Crise no STF: Oposi\u00e7\u00e3o acusa Moraes de retalia\u00e7\u00e3o contra Mendon\u00e7a"},"content":{"rendered":"<p>A recente decis\u00e3o do ministro do Supremo Tribunal Federal <b>Alexandre de Moraes<\/b>, apontando ind\u00edcios de improbidade administrativa e abuso de autoridade na atua\u00e7\u00e3o de seu colega de Corte <b>Andr\u00e9 Mendon\u00e7a<\/b>, desencadeou uma forte onda de rea\u00e7\u00f5es no meio pol\u00edtico. Parlamentares da oposi\u00e7\u00e3o classificaram a medida como uma tentativa de retalia\u00e7\u00e3o ap\u00f3s a divulga\u00e7\u00e3o de mensagens ligadas ao banqueiro <b>Daniel Vorcaro<\/b>, do Banco Master.<\/p>\n<p>H2 Rea\u00e7\u00f5es duras no Senado Federal<\/p>\n<p>O l\u00edder da oposi\u00e7\u00e3o no Senado, <b>Rog\u00e9rio Marinho<\/b> (PL-RN), declarou que a investiga\u00e7\u00e3o foi convertida em instrumento de poder pessoal. Segundo ele, h\u00e1 uma invers\u00e3o de valores, visto que o ministro citado nas mensagens do caso Master deveria prestar esclarecimentos em vez de direcionar poderes investigativos contra o supervisor do processo.<\/p>\n<p>Marinho criticou a longevidade do Inqu\u00e9rito das Fake News, em andamento desde 2019, e convocou protestos para o 7 de Setembro contra pr\u00e1ticas que classificou como excepcionais. Na mesma linha, o ex-governador mineiro <b>Romeu Zema<\/b> utilizou as redes sociais para desferir ataques diretos a Moraes, questionando a impunidade e afirmando que o magistrado neutraliza rapidamente qualquer amea\u00e7a \u00e0 sua autoridade.<\/p>\n<p>H3 Medidas institucionais e pedidos de investiga\u00e7\u00e3o<\/p>\n<p>Adotando uma postura institucional, o senador <b>Carlos Viana<\/b> (Podemos-MG) anunciou que acionar\u00e1 o presidente do STF, <b>Edson Fachin<\/b>, para investigar a conduta de Moraes. O parlamentar apontou a coincid\u00eancia temporal entre as revela\u00e7\u00f5es do caso Master e a decis\u00e3o contra Mendon\u00e7a, solicitando a preserva\u00e7\u00e3o de registros de acesso e comunica\u00e7\u00f5es para apurar um poss\u00edvel desvio de finalidade das prerrogativas do cargo.<\/p>\n<p>A senadora <b>Damares Alves<\/b> (Republicanos-DF) tamb\u00e9m se manifestou, afirmando que a medida arbitr\u00e1ria comprometeu a credibilidade restante da Suprema Corte. Ela comparou a atua\u00e7\u00e3o do ministro a epis\u00f3dios hist\u00f3ricos e incentivou a mobiliza\u00e7\u00e3o popular nas ruas pela sa\u00edda do magistrado.<\/p>\n<p>H2 Cr\u00edticas de parlamentares e o posicionamento do Planalto<\/p>\n<p>O senador <b>Alessandro Vieira<\/b> (MDB-SE) destacou o paradoxo de utilizar o inqu\u00e9rito das Fake News para acusar um colega que justamente encaminhou ao STF uma investiga\u00e7\u00e3o que atinge o pr\u00f3prio relator. Na C\u00e2mara, o deputado <b>Marcel van Hattem<\/b> (Novo-RS) resumiu o embate como uma invers\u00e3o entre as figuras do investigador e do investigado, enquanto <b>Nikolas Ferreira<\/b> (PL-MG) sugeriu a\u00e7\u00f5es mais dr\u00e1sticas em plen\u00e1rio.<\/p>\n<p>Paralelamente \u00e0 escalada de tens\u00e3o entre os togados, o presidente <b>Luiz In\u00e1cio Lula da Silva<\/b> quebrou o sil\u00eancio sobre o caso Master por meio de um v\u00eddeo publicado logo ap\u00f3s a decis\u00e3o contra Mendon\u00e7a. Embora tenha evitado citar Moraes nominalmente, o chefe do Executivo defendeu a investiga\u00e7\u00e3o rigorosa de pol\u00edticos e agentes p\u00fablicos envolvidos, cobrando de Fachin e do procurador-geral da Rep\u00fablica, <b>Paulo Gonet<\/b>, uma atua\u00e7\u00e3o firme para assegurar a integridade das apura\u00e7\u00f5es e criticando vazamentos seletivos.<\/p>\n<p>Por Reda\u00e7\u00e3o Acontece<\/p>\n<p>Cr\u00e9ditos da imagem: Reprodu\u00e7\u00e3o \/ Ag\u00eancia Brasil<\/p>\n","protected":false},"excerpt":{"rendered":"<p>A recente decis\u00e3o do ministro do Supremo Tribunal Federal Alexandre de Moraes, apontando ind\u00edcios de improbidade administrativa e abuso de autoridade na atua\u00e7\u00e3o de seu colega de Corte Andr\u00e9 Mendon\u00e7a, desencadeou uma forte onda de rea\u00e7\u00f5es no meio pol\u00edtico. Parlamentares da oposi\u00e7\u00e3o classificaram a medida como uma tentativa de retalia\u00e7\u00e3o ap\u00f3s a divulga\u00e7\u00e3o de mensagens [&hellip;]<\/p>\n","protected":false},"author":0,"featured_media":34817,"comment_status":"open","ping_status":"open","sticky":false,"template":"","format":"standard","meta":{"footnotes":""},"categories":[28],"tags":[],"class_list":["post-34811","post","type-post","status-publish","format-standard","has-post-thumbnail","hentry","category-mundo"],"_links":{"self":[{"href":"https:\/\/acontecenafronteira.com.br\/index.php\/wp-json\/wp\/v2\/posts\/34811","targetHints":{"allow":["GET"]}}],"collection":[{"href":"https:\/\/acontecenafronteira.com.br\/index.php\/wp-json\/wp\/v2\/posts"}],"about":[{"href":"https:\/\/acontecenafronteira.com.br\/index.php\/wp-json\/wp\/v2\/types\/post"}],"replies":[{"embeddable":true,"href":"https:\/\/acontecenafronteira.com.br\/index.php\/wp-json\/wp\/v2\/comments?post=34811"}],"version-history":[{"count":1,"href":"https:\/\/acontecenafronteira.com.br\/index.php\/wp-json\/wp\/v2\/posts\/34811\/revisions"}],"predecessor-version":[{"id":34816,"href":"https:\/\/acontecenafronteira.com.br\/index.php\/wp-json\/wp\/v2\/posts\/34811\/revisions\/34816"}],"wp:featuredmedia":[{"embeddable":true,"href":"https:\/\/acontecenafronteira.com.br\/index.php\/wp-json\/wp\/v2\/media\/34817"}],"wp:attachment":[{"href":"https:\/\/acontecenafronteira.com.br\/index.php\/wp-json\/wp\/v2\/media?parent=34811"}],"wp:term":[{"taxonomy":"category","embeddable":true,"href":"https:\/\/acontecenafronteira.com.br\/index.php\/wp-json\/wp\/v2\/categories?post=34811"},{"taxonomy":"post_tag","embeddable":true,"href":"https:\/\/acontecenafronteira.com.br\/index.php\/wp-json\/wp\/v2\/tags?post=34811"}],"curies":[{"name":"wp","href":"https:\/\/api.w.org\/{rel}","templated":true}]}}