{"id":34810,"date":"2026-09-03T23:35:52","date_gmt":"2026-09-04T02:35:52","guid":{"rendered":"https:\/\/acontecenafronteira.com.br\/?p=34810"},"modified":"2026-09-03T23:35:52","modified_gmt":"2026-09-04T02:35:52","slug":"nova-zelandia-aprova-mdma-para-tratar-estresse-pos-traumatico","status":"publish","type":"post","link":"https:\/\/acontecenafronteira.com.br\/index.php\/2026\/09\/03\/nova-zelandia-aprova-mdma-para-tratar-estresse-pos-traumatico\/","title":{"rendered":"Nova Zel\u00e2ndia aprova MDMA para tratar estresse p\u00f3s-traum\u00e1tico"},"content":{"rendered":"<p>A ag\u00eancia reguladora farmac\u00eautica da Nova Zel\u00e2ndia, a Medsafe, autorizou dois psiquiatras do pa\u00eds a prescreverem MDMA de grau farmac\u00eautico para o tratamento de pessoas que enfrentam quadros graves de <strong>transtorno de estresse p\u00f3s-traum\u00e1tico<\/strong>. Com essa medida in\u00e9dita anunciada nesta sexta-feira, a na\u00e7\u00e3o se consagra como a segunda no planeta a liberar a subst\u00e2ncia para fins medicinais nesta categoria, seguindo os passos da Austr\u00e1lia, pioneira na decis\u00e3o tomada em 2023.<\/p>\n<p>H2 O impacto da nova diretriz na sa\u00fade mental<\/p>\n<p>H3 Declara\u00e7\u00f5es oficiais e o contexto internacional O vice-primeiro-ministro David Seymour destacou que o transtorno \u00e9 devastador e apresenta alta complexidade terap\u00eautica. Segundo ele, o uso da subst\u00e2ncia atrelado a sess\u00f5es de acompanhamento psicol\u00f3gico demonstra alto potencial de efic\u00e1cia, evidenciando o compromisso do governo em buscar alternativas inovadoras para a popula\u00e7\u00e3o.<\/p>\n<p>H3 Entendendo a condi\u00e7\u00e3o tratada O quadro psiqui\u00e1trico em quest\u00e3o surge habitualmente ap\u00f3s epis\u00f3dios violentos ou amea\u00e7as severas, a exemplo de situa\u00e7\u00f5es de combate militar, agress\u00f5es sexuais ou viv\u00eancias de risco mortal que deixam marcas profundas no psicol\u00f3gico dos pacientes.<\/p>\n<p>H2 Regras r\u00edgidas de aplica\u00e7\u00e3o e cen\u00e1rio global Enquanto governos como o da Nova Zel\u00e2ndia avan\u00e7am na libera\u00e7\u00e3o supervisionada, \u00f3rg\u00e3os internacionais mant\u00eam cautela. Nos Estados Unidos, a Food and Drug Administration negou a legaliza\u00e7\u00e3o medicinal da mesma subst\u00e2ncia em 2024, apontando falta de dados conclusivos sobre seguran\u00e7a, embora pesquisas cl\u00ednicas sigam ativas no pa\u00eds norte-americano.<\/p>\n<p>Para garantir a seguran\u00e7a do procedimento terap\u00eautico no territ\u00f3rio neozeland\u00eas, o Minist\u00e9rio da Sa\u00fade estabeleceu diretrizes r\u00edgidas. Apenas maiores de 18 anos poder\u00e3o passar pela abordagem, que obrigatoriamente une a administra\u00e7\u00e3o da subst\u00e2ncia \u00e0 psicoterapia em ambiente controlado, sendo terminantemente proibido fornecer o material para consumo domiciliar.<\/p>\n<p>Por Reda\u00e7\u00e3o Acontece<\/p>\n<p>Cr\u00e9ditos da imagem: Divulga\u00e7\u00e3o<\/p>\n","protected":false},"excerpt":{"rendered":"<p>A ag\u00eancia reguladora farmac\u00eautica da Nova Zel\u00e2ndia, a Medsafe, autorizou dois psiquiatras do pa\u00eds a prescreverem MDMA de grau farmac\u00eautico para o tratamento de pessoas que enfrentam quadros graves de transtorno de estresse p\u00f3s-traum\u00e1tico. Com essa medida in\u00e9dita anunciada nesta sexta-feira, a na\u00e7\u00e3o se consagra como a segunda no planeta a liberar a subst\u00e2ncia para [&hellip;]<\/p>\n","protected":false},"author":0,"featured_media":34815,"comment_status":"open","ping_status":"open","sticky":false,"template":"","format":"standard","meta":{"footnotes":""},"categories":[28],"tags":[],"class_list":["post-34810","post","type-post","status-publish","format-standard","has-post-thumbnail","hentry","category-mundo"],"_links":{"self":[{"href":"https:\/\/acontecenafronteira.com.br\/index.php\/wp-json\/wp\/v2\/posts\/34810","targetHints":{"allow":["GET"]}}],"collection":[{"href":"https:\/\/acontecenafronteira.com.br\/index.php\/wp-json\/wp\/v2\/posts"}],"about":[{"href":"https:\/\/acontecenafronteira.com.br\/index.php\/wp-json\/wp\/v2\/types\/post"}],"replies":[{"embeddable":true,"href":"https:\/\/acontecenafronteira.com.br\/index.php\/wp-json\/wp\/v2\/comments?post=34810"}],"version-history":[{"count":1,"href":"https:\/\/acontecenafronteira.com.br\/index.php\/wp-json\/wp\/v2\/posts\/34810\/revisions"}],"predecessor-version":[{"id":34814,"href":"https:\/\/acontecenafronteira.com.br\/index.php\/wp-json\/wp\/v2\/posts\/34810\/revisions\/34814"}],"wp:featuredmedia":[{"embeddable":true,"href":"https:\/\/acontecenafronteira.com.br\/index.php\/wp-json\/wp\/v2\/media\/34815"}],"wp:attachment":[{"href":"https:\/\/acontecenafronteira.com.br\/index.php\/wp-json\/wp\/v2\/media?parent=34810"}],"wp:term":[{"taxonomy":"category","embeddable":true,"href":"https:\/\/acontecenafronteira.com.br\/index.php\/wp-json\/wp\/v2\/categories?post=34810"},{"taxonomy":"post_tag","embeddable":true,"href":"https:\/\/acontecenafronteira.com.br\/index.php\/wp-json\/wp\/v2\/tags?post=34810"}],"curies":[{"name":"wp","href":"https:\/\/api.w.org\/{rel}","templated":true}]}}