{"id":34801,"date":"2026-09-03T22:36:58","date_gmt":"2026-09-04T01:36:58","guid":{"rendered":"https:\/\/acontecenafronteira.com.br\/?p=34801"},"modified":"2026-09-03T22:36:58","modified_gmt":"2026-09-04T01:36:58","slug":"gremio-vence-internacional-e-vai-a-semifinal-da-copa-do-brasil","status":"publish","type":"post","link":"https:\/\/acontecenafronteira.com.br\/index.php\/2026\/09\/03\/gremio-vence-internacional-e-vai-a-semifinal-da-copa-do-brasil\/","title":{"rendered":"Gr\u00eamio vence Internacional e vai \u00e0 semifinal da Copa do Brasil"},"content":{"rendered":"<p>O <a href=\"#\">Gr\u00eamio<\/a> garantiu a \u00faltima vaga nas semifinais da <a href=\"#\">Copa do Brasil<\/a> ao derrotar o <a href=\"#\">Internacional<\/a> por 3 a 1, em partida realizada na noite desta quinta-feira (3\/9). O cl\u00e1ssico decisivo foi marcado por momentos de tens\u00e3o tanto no tempo regulamentar quanto ap\u00f3s o apito final.<\/p>\n<h2>Provoca\u00e7\u00f5es sonoras na Arena<\/h2>\n<p>Ap\u00f3s a confirma\u00e7\u00e3o do resultado na <a href=\"#\">Arena do Gr\u00eamio<\/a>, o sistema de som do est\u00e1dio executou uma m\u00fasica de valsa. A trilha sonora foi utilizada para ironizar o advers\u00e1rio devido ao jejum de 15 anos sem conquistas de express\u00e3o do clube colorado, gerando revolta nos visitantes e festa entre os tricolores.<\/p>\n<h2>Confus\u00e3o e briga nos t\u00faneis<\/h2>\n<p>O clima de acirrada rivalidade extrapolou as quatro linhas e resultou em bate-boca generalizado. O t\u00e9cnico colorado, <a href=\"#\">Paulo Pezzolano<\/a>, se envolveu em uma discuss\u00e3o r\u00edspida com um membro da comiss\u00e3o t\u00e9cnica gremista.<\/p>\n<p>O atrito f\u00edsico e verbal continuou na descida para os vesti\u00e1rios, exigindo interven\u00e7\u00e3o da seguran\u00e7a para conter os \u00e2nimos exaltados de ambos os lados no t\u00fanel de acesso.<\/p>\n<h2>Pr\u00f3ximo desafio no torneio<\/h2>\n<p>Classificado para a pr\u00f3xima etapa do mata-mata nacional, o time ga\u00facho agora ter\u00e1 pela frente o <a href=\"#\">Atl\u00e9tico-MG<\/a>, que eliminou o <a href=\"#\">Cruzeiro<\/a> nas quartas de final.<\/p>\n<p>O duelo reeditar\u00e1 a decis\u00e3o da temporada de 2016, ocasi\u00e3o em que o esquadr\u00e3o tricolor levou a melhor e levantou a ta\u00e7a da competi\u00e7\u00e3o.<\/p>\n<p>Por Reda\u00e7\u00e3o Acontece<\/p>\n<p>Foto: Divulga\u00e7\u00e3o \/ Redes Sociais<\/p>\n","protected":false},"excerpt":{"rendered":"<p>O Gr\u00eamio garantiu a \u00faltima vaga nas semifinais da Copa do Brasil ao derrotar o Internacional por 3 a 1, em partida realizada na noite desta quinta-feira (3\/9). O cl\u00e1ssico decisivo foi marcado por momentos de tens\u00e3o tanto no tempo regulamentar quanto ap\u00f3s o apito final. Provoca\u00e7\u00f5es sonoras na Arena Ap\u00f3s a confirma\u00e7\u00e3o do resultado [&hellip;]<\/p>\n","protected":false},"author":0,"featured_media":34809,"comment_status":"open","ping_status":"open","sticky":false,"template":"","format":"standard","meta":{"footnotes":""},"categories":[6],"tags":[],"class_list":["post-34801","post","type-post","status-publish","format-standard","has-post-thumbnail","hentry","category-mercosul"],"_links":{"self":[{"href":"https:\/\/acontecenafronteira.com.br\/index.php\/wp-json\/wp\/v2\/posts\/34801","targetHints":{"allow":["GET"]}}],"collection":[{"href":"https:\/\/acontecenafronteira.com.br\/index.php\/wp-json\/wp\/v2\/posts"}],"about":[{"href":"https:\/\/acontecenafronteira.com.br\/index.php\/wp-json\/wp\/v2\/types\/post"}],"replies":[{"embeddable":true,"href":"https:\/\/acontecenafronteira.com.br\/index.php\/wp-json\/wp\/v2\/comments?post=34801"}],"version-history":[{"count":1,"href":"https:\/\/acontecenafronteira.com.br\/index.php\/wp-json\/wp\/v2\/posts\/34801\/revisions"}],"predecessor-version":[{"id":34808,"href":"https:\/\/acontecenafronteira.com.br\/index.php\/wp-json\/wp\/v2\/posts\/34801\/revisions\/34808"}],"wp:featuredmedia":[{"embeddable":true,"href":"https:\/\/acontecenafronteira.com.br\/index.php\/wp-json\/wp\/v2\/media\/34809"}],"wp:attachment":[{"href":"https:\/\/acontecenafronteira.com.br\/index.php\/wp-json\/wp\/v2\/media?parent=34801"}],"wp:term":[{"taxonomy":"category","embeddable":true,"href":"https:\/\/acontecenafronteira.com.br\/index.php\/wp-json\/wp\/v2\/categories?post=34801"},{"taxonomy":"post_tag","embeddable":true,"href":"https:\/\/acontecenafronteira.com.br\/index.php\/wp-json\/wp\/v2\/tags?post=34801"}],"curies":[{"name":"wp","href":"https:\/\/api.w.org\/{rel}","templated":true}]}}