{"id":34799,"date":"2026-09-03T22:36:51","date_gmt":"2026-09-04T01:36:51","guid":{"rendered":"https:\/\/acontecenafronteira.com.br\/?p=34799"},"modified":"2026-09-03T22:36:51","modified_gmt":"2026-09-04T01:36:51","slug":"pf-aponta-vies-politico-de-mendonca-e-cita-caso-lulinha","status":"publish","type":"post","link":"https:\/\/acontecenafronteira.com.br\/index.php\/2026\/09\/03\/pf-aponta-vies-politico-de-mendonca-e-cita-caso-lulinha\/","title":{"rendered":"PF aponta vi\u00e9s pol\u00edtico de Mendon\u00e7a e cita caso Lulinha"},"content":{"rendered":"<p>A <strong>Pol\u00edcia Federal<\/strong> apontou uma suposta diverg\u00eancia nos crit\u00e9rios adotados pelo ministro do Supremo Tribunal Federal (STF), <strong>Andr\u00e9 Mendon\u00e7a<\/strong>, sugerindo que suas decis\u00f5es variam de acordo com o espectro pol\u00edtico dos investigados. No documento, a corpora\u00e7\u00e3o mencionou o caso de <strong>F\u00e1bio Lu\u00eds Lula da Silva<\/strong>, conhecido como Lulinha.<\/p>\n<h2>Relat\u00f3rio enviado ao STF<\/h2>\n<p>O apontamento da corpora\u00e7\u00e3o policial integra um relat\u00f3rio anexado a uma decis\u00e3o do ministro <strong>Alexandre de Moraes<\/strong>, encaminhada ao presidente da Corte, <strong>Edson Fachin<\/strong>. Na ocasi\u00e3o, Moraes solicitou a inclus\u00e3o do colega de tribunal no <strong>Inqu\u00e9rito 4.781<\/strong>, amplamente conhecido como o inqu\u00e9rito das fake news.<\/p>\n<h2>Compara\u00e7\u00e3o com ACM Neto<\/h2>\n<p>No texto produzido pelos investigadores, a situa\u00e7\u00e3o jur\u00eddica de Lulinha \u00e9 equiparada \u00e0 do ex-prefeito de Salvador e candidato ao governo baiano, <strong>ACM Neto<\/strong>, filiado ao Uni\u00e3o Brasil.<\/p>\n<p>A corpora\u00e7\u00e3o registrou que, durante uma reuni\u00e3o presencial realizada em 13 de agosto de 2026, o magistrado relator avaliou que o pol\u00edtico baiano supostamente atuava dentro dos limites legais na representa\u00e7\u00e3o de interesses. Para a PF, existe uma semelhan\u00e7a relevante entre este epis\u00f3dio e o do filho do presidente, o que indicaria o uso de padr\u00f5es probat\u00f3rios distintos conforme a matiz ideol\u00f3gica dos alvos.<\/p>\n<h2>Acusa\u00e7\u00f5es de parcialidade<\/h2>\n<p>Apesar de o relat\u00f3rio policial classificar a situa\u00e7\u00e3o como uma assimetria e n\u00e3o como um favorecimento expl\u00edcito, o ministro Alexandre de Moraes utilizou o argumento para sustentar que Mendon\u00e7a teria perdido a neutralidade necess\u00e1ria para a condu\u00e7\u00e3o dos processos sob sua tutela.<\/p>\n<p>Nas entrelinhas da decis\u00e3o, Moraes refor\u00e7a que os elementos reunidos apontam para uma quebra na imparcialidade da justi\u00e7a e direcionamento pol\u00edtico, al\u00e9m de acusar o colega de interferir nas dilig\u00eancias policiais e nas negocia\u00e7\u00f5es de dela\u00e7\u00e3o premiada.<\/p>\n<h2>Crise institucional no Supremo<\/h2>\n<p>O embate ocorre no momento de maior tens\u00e3o na rela\u00e7\u00e3o entre os dois magistrados, agravado ap\u00f3s Mendon\u00e7a ordenar \u00e0 Pol\u00edcia Federal que aprofundasse apura\u00e7\u00f5es sobre a suposta rede de influ\u00eancia do banqueiro <strong>Daniel Vorcaro<\/strong>, ligada ao Banco Master. O procedimento resultou em bate-boca no gabinete de Mendon\u00e7a e em questionamentos da <strong>Procuradoria-Geral da Rep\u00fablica (PGR)<\/strong> sobre a legalidade da medida em rela\u00e7\u00e3o a ministros da Corte. Agora, Fachin determinou um prazo de cinco dias para que os envolvidos e a PGR apresentem suas defesas.<\/p>\n<p>Por Reda\u00e7\u00e3o Acontece<\/p>\n<p>Imagem: Divulga\u00e7\u00e3o\/STF<\/p>\n","protected":false},"excerpt":{"rendered":"<p>A Pol\u00edcia Federal apontou uma suposta diverg\u00eancia nos crit\u00e9rios adotados pelo ministro do Supremo Tribunal Federal (STF), Andr\u00e9 Mendon\u00e7a, sugerindo que suas decis\u00f5es variam de acordo com o espectro pol\u00edtico dos investigados. No documento, a corpora\u00e7\u00e3o mencionou o caso de F\u00e1bio Lu\u00eds Lula da Silva, conhecido como Lulinha. Relat\u00f3rio enviado ao STF O apontamento da [&hellip;]<\/p>\n","protected":false},"author":0,"featured_media":34805,"comment_status":"open","ping_status":"open","sticky":false,"template":"","format":"standard","meta":{"footnotes":""},"categories":[6],"tags":[],"class_list":["post-34799","post","type-post","status-publish","format-standard","has-post-thumbnail","hentry","category-mercosul"],"_links":{"self":[{"href":"https:\/\/acontecenafronteira.com.br\/index.php\/wp-json\/wp\/v2\/posts\/34799","targetHints":{"allow":["GET"]}}],"collection":[{"href":"https:\/\/acontecenafronteira.com.br\/index.php\/wp-json\/wp\/v2\/posts"}],"about":[{"href":"https:\/\/acontecenafronteira.com.br\/index.php\/wp-json\/wp\/v2\/types\/post"}],"replies":[{"embeddable":true,"href":"https:\/\/acontecenafronteira.com.br\/index.php\/wp-json\/wp\/v2\/comments?post=34799"}],"version-history":[{"count":1,"href":"https:\/\/acontecenafronteira.com.br\/index.php\/wp-json\/wp\/v2\/posts\/34799\/revisions"}],"predecessor-version":[{"id":34804,"href":"https:\/\/acontecenafronteira.com.br\/index.php\/wp-json\/wp\/v2\/posts\/34799\/revisions\/34804"}],"wp:featuredmedia":[{"embeddable":true,"href":"https:\/\/acontecenafronteira.com.br\/index.php\/wp-json\/wp\/v2\/media\/34805"}],"wp:attachment":[{"href":"https:\/\/acontecenafronteira.com.br\/index.php\/wp-json\/wp\/v2\/media?parent=34799"}],"wp:term":[{"taxonomy":"category","embeddable":true,"href":"https:\/\/acontecenafronteira.com.br\/index.php\/wp-json\/wp\/v2\/categories?post=34799"},{"taxonomy":"post_tag","embeddable":true,"href":"https:\/\/acontecenafronteira.com.br\/index.php\/wp-json\/wp\/v2\/tags?post=34799"}],"curies":[{"name":"wp","href":"https:\/\/api.w.org\/{rel}","templated":true}]}}