{"id":34789,"date":"2026-09-03T22:36:39","date_gmt":"2026-09-04T01:36:39","guid":{"rendered":"https:\/\/acontecenafronteira.com.br\/?p=34789"},"modified":"2026-09-03T22:36:39","modified_gmt":"2026-09-04T01:36:39","slug":"gremio-zoa-o-inter-com-valsa-na-arena-apos-vaga-na-copa-do-brasil","status":"publish","type":"post","link":"https:\/\/acontecenafronteira.com.br\/index.php\/2026\/09\/03\/gremio-zoa-o-inter-com-valsa-na-arena-apos-vaga-na-copa-do-brasil\/","title":{"rendered":"Gr\u00eamio zoa o Inter com valsa na Arena ap\u00f3s vaga na Copa do Brasil"},"content":{"rendered":"<p>O <strong>Gr\u00eamio<\/strong> garantiu sua vaga nas semifinais da Copa do Brasil ap\u00f3s vencer o Internacional por 3 a 1, em partida realizada na \u00faltima quinta-feira (3). Logo ap\u00f3s o apito final, o clima de festa no gramado deu lugar a uma provoca\u00e7\u00e3o hist\u00f3rica direcionada ao maior rival.<\/p>\n<h2>A zoa\u00e7\u00e3o com a valsa na Arena<\/h2>\n<p>O sistema de som do est\u00e1dio executou uma tradicional valsa para ironizar os 15 anos que o clube colorado acumula sem conquistar t\u00edtulos de express\u00e3o nacional ou internacional. A brincadeira n\u00e3o ficou restrita apenas aos alto-falantes da Arena.<\/p>\n<p>O <strong>Mosqueteiro<\/strong>, mascote oficial da equipe tricolor, entrou na brincadeira e executou passos de valsa logo atr\u00e1s de uma das traves, levando a torcida presente no est\u00e1dio \u00e0 loucura.<\/p>\n<h2>A origem da rivalidade com a dan\u00e7a<\/h2>\n<p>Essa brincadeira tem um hist\u00f3rico marcante no cl\u00e1ssico ga\u00facho. Em 2016, quando o time tricolor atingiu a marca de 15 anos sem levantar ta\u00e7as importantes, o atacante Eduardo Sasha, que defendia o rival na \u00e9poca, comemorou um gol fazendo a mesma dan\u00e7a com a bandeirinha de escanteio. Agora, os gremistas aproveitaram a oportunidade para dar o troco.<\/p>\n<h2>Provoca\u00e7\u00f5es tamb\u00e9m na internet<\/h2>\n<p>A rivalidade se estendeu rapidamente para o ambiente digital. Na rede social X, antigo Twitter, o perfil oficial do Gr\u00eamio compartilhou um v\u00eddeo em que o chap\u00e9u do Saci, mascote colorado, aparece sendo atingido por tr\u00eas flechas, fazendo refer\u00eancia direta ao placar agregado do confronto.<\/p>\n<p>Com a classifica\u00e7\u00e3o assegurada em campo e a festa completa nas arquibancadas e na internet, o Tricolor ga\u00facho agora concentra suas for\u00e7as na pr\u00f3xima fase da competi\u00e7\u00e3o nacional.<\/p>\n<p>Por Reda\u00e7\u00e3o Acontece<\/p>\n<p>Foto: Divulga\u00e7\u00e3o\/Gr\u00eamio<\/p>\n","protected":false},"excerpt":{"rendered":"<p>O Gr\u00eamio garantiu sua vaga nas semifinais da Copa do Brasil ap\u00f3s vencer o Internacional por 3 a 1, em partida realizada na \u00faltima quinta-feira (3). Logo ap\u00f3s o apito final, o clima de festa no gramado deu lugar a uma provoca\u00e7\u00e3o hist\u00f3rica direcionada ao maior rival. A zoa\u00e7\u00e3o com a valsa na Arena O [&hellip;]<\/p>\n","protected":false},"author":0,"featured_media":34797,"comment_status":"open","ping_status":"open","sticky":false,"template":"","format":"standard","meta":{"footnotes":""},"categories":[28],"tags":[],"class_list":["post-34789","post","type-post","status-publish","format-standard","has-post-thumbnail","hentry","category-mundo"],"_links":{"self":[{"href":"https:\/\/acontecenafronteira.com.br\/index.php\/wp-json\/wp\/v2\/posts\/34789","targetHints":{"allow":["GET"]}}],"collection":[{"href":"https:\/\/acontecenafronteira.com.br\/index.php\/wp-json\/wp\/v2\/posts"}],"about":[{"href":"https:\/\/acontecenafronteira.com.br\/index.php\/wp-json\/wp\/v2\/types\/post"}],"replies":[{"embeddable":true,"href":"https:\/\/acontecenafronteira.com.br\/index.php\/wp-json\/wp\/v2\/comments?post=34789"}],"version-history":[{"count":1,"href":"https:\/\/acontecenafronteira.com.br\/index.php\/wp-json\/wp\/v2\/posts\/34789\/revisions"}],"predecessor-version":[{"id":34796,"href":"https:\/\/acontecenafronteira.com.br\/index.php\/wp-json\/wp\/v2\/posts\/34789\/revisions\/34796"}],"wp:featuredmedia":[{"embeddable":true,"href":"https:\/\/acontecenafronteira.com.br\/index.php\/wp-json\/wp\/v2\/media\/34797"}],"wp:attachment":[{"href":"https:\/\/acontecenafronteira.com.br\/index.php\/wp-json\/wp\/v2\/media?parent=34789"}],"wp:term":[{"taxonomy":"category","embeddable":true,"href":"https:\/\/acontecenafronteira.com.br\/index.php\/wp-json\/wp\/v2\/categories?post=34789"},{"taxonomy":"post_tag","embeddable":true,"href":"https:\/\/acontecenafronteira.com.br\/index.php\/wp-json\/wp\/v2\/tags?post=34789"}],"curies":[{"name":"wp","href":"https:\/\/api.w.org\/{rel}","templated":true}]}}