{"id":34788,"date":"2026-09-03T22:36:34","date_gmt":"2026-09-04T01:36:34","guid":{"rendered":"https:\/\/acontecenafronteira.com.br\/?p=34788"},"modified":"2026-09-03T22:36:34","modified_gmt":"2026-09-04T01:36:34","slug":"nick-kyrgios-e-liberado-para-voltar-ao-tenis-apos-suspensao","status":"publish","type":"post","link":"https:\/\/acontecenafronteira.com.br\/index.php\/2026\/09\/03\/nick-kyrgios-e-liberado-para-voltar-ao-tenis-apos-suspensao\/","title":{"rendered":"Nick Kyrgios \u00e9 liberado para voltar ao t\u00eanis ap\u00f3s suspens\u00e3o"},"content":{"rendered":"<p>O tenista australiano <strong>Nick Kyrgios<\/strong> recebeu autoriza\u00e7\u00e3o da Ag\u00eancia Internacional de Integridade do T\u00eanis para retornar \u00e0s competi\u00e7\u00f5es oficiais ap\u00f3s cumprir uma suspens\u00e3o de um m\u00eas decorrente do uso de <strong>coca\u00edna<\/strong> e ingressar em um programa de reabilita\u00e7\u00e3o.<\/p>\n<h2>O caso de doping em Mallorca<\/h2>\n<p>\nO atleta de 31 anos, que foi finalista de Wimbledon em 2022, testou positivo em um exame antidoping realizado no dia 22 de junho durante a disputa de um torneio da ATP na Espanha. A subst\u00e2ncia foi identificada em seu organismo ap\u00f3s uma sa\u00edda noturna em contexto social, alega\u00e7\u00e3o que foi validada por um perito independente ligado \u00e0 Ag\u00eancia Mundial Antidoping.\n<\/p>\n<h2>Detalhes da puni\u00e7\u00e3o e reabilita\u00e7\u00e3o<\/h2>\n<p>\nEmbora a infra\u00e7\u00e3o desse tipo costume resultar em um gancho padr\u00e3o de tr\u00eas meses, o per\u00edodo foi reduzido para trinta dias devido \u00e0 ades\u00e3o do tenista ao programa de tratamento exigido pelas normas esportivas. Com o cumprimento das diretrizes estabelecidas, a penalidade foi encerrada, embora o atleta tenha perdido os pontos no ranking e as premia\u00e7\u00f5es financeiras conquistadas no evento espanhol.\n<\/p>\n<h2>Trajet\u00f3ria e les\u00f5es recentes<\/h2>\n<p>\nConhecido mundialmente por seu estilo agressivo e potente, o australiano j\u00e1 faturou sete trof\u00e9us individuais no circuito profissional e alcan\u00e7ou a 13\u00aa posi\u00e7\u00e3o do ranking mundial em 2016. Contudo, uma s\u00e9rie de graves les\u00f5es f\u00edsicas \u2014 incluindo uma complexa cirurgia de reconstru\u00e7\u00e3o no punho direito realizada em 2024 \u2014 afetou drasticamente seu rendimento e o levou \u00e0 918\u00aa coloca\u00e7\u00e3o na classifica\u00e7\u00e3o atual.\n<\/p>\n<h2>Assun\u00e7\u00e3o de culpa e retrom\u00e1tica<\/h2>\n<p>\nLogo ap\u00f3s o ocorrido, o jogador utilizou suas redes sociais para admitir publicamente o resultado adverso, classificando o epis\u00f3dio como um erro grave e assumindo total responsabilidade pelos atos. Na ocasi\u00e3o, ele tamb\u00e9m pediu desculpas p\u00fablicas aos f\u00e3s, familiares, patrocinadores e ao p\u00fablico jovem que o acompanha como refer\u00eancia esportiva.<\/p>\n<p>Por Reda\u00e7\u00e3o Acontece<\/p>\n<p>Cr\u00e9ditos da imagem: Divulga\u00e7\u00e3o\/ATP<\/p>\n","protected":false},"excerpt":{"rendered":"<p>O tenista australiano Nick Kyrgios recebeu autoriza\u00e7\u00e3o da Ag\u00eancia Internacional de Integridade do T\u00eanis para retornar \u00e0s competi\u00e7\u00f5es oficiais ap\u00f3s cumprir uma suspens\u00e3o de um m\u00eas decorrente do uso de coca\u00edna e ingressar em um programa de reabilita\u00e7\u00e3o. O caso de doping em Mallorca O atleta de 31 anos, que foi finalista de Wimbledon em [&hellip;]<\/p>\n","protected":false},"author":0,"featured_media":34795,"comment_status":"open","ping_status":"open","sticky":false,"template":"","format":"standard","meta":{"footnotes":""},"categories":[28],"tags":[],"class_list":["post-34788","post","type-post","status-publish","format-standard","has-post-thumbnail","hentry","category-mundo"],"_links":{"self":[{"href":"https:\/\/acontecenafronteira.com.br\/index.php\/wp-json\/wp\/v2\/posts\/34788","targetHints":{"allow":["GET"]}}],"collection":[{"href":"https:\/\/acontecenafronteira.com.br\/index.php\/wp-json\/wp\/v2\/posts"}],"about":[{"href":"https:\/\/acontecenafronteira.com.br\/index.php\/wp-json\/wp\/v2\/types\/post"}],"replies":[{"embeddable":true,"href":"https:\/\/acontecenafronteira.com.br\/index.php\/wp-json\/wp\/v2\/comments?post=34788"}],"version-history":[{"count":1,"href":"https:\/\/acontecenafronteira.com.br\/index.php\/wp-json\/wp\/v2\/posts\/34788\/revisions"}],"predecessor-version":[{"id":34794,"href":"https:\/\/acontecenafronteira.com.br\/index.php\/wp-json\/wp\/v2\/posts\/34788\/revisions\/34794"}],"wp:featuredmedia":[{"embeddable":true,"href":"https:\/\/acontecenafronteira.com.br\/index.php\/wp-json\/wp\/v2\/media\/34795"}],"wp:attachment":[{"href":"https:\/\/acontecenafronteira.com.br\/index.php\/wp-json\/wp\/v2\/media?parent=34788"}],"wp:term":[{"taxonomy":"category","embeddable":true,"href":"https:\/\/acontecenafronteira.com.br\/index.php\/wp-json\/wp\/v2\/categories?post=34788"},{"taxonomy":"post_tag","embeddable":true,"href":"https:\/\/acontecenafronteira.com.br\/index.php\/wp-json\/wp\/v2\/tags?post=34788"}],"curies":[{"name":"wp","href":"https:\/\/api.w.org\/{rel}","templated":true}]}}