{"id":34787,"date":"2026-09-03T22:36:29","date_gmt":"2026-09-04T01:36:29","guid":{"rendered":"https:\/\/acontecenafronteira.com.br\/?p=34787"},"modified":"2026-09-03T22:36:29","modified_gmt":"2026-09-04T01:36:29","slug":"eleicoes-2026-pesquisas-mostram-estabilidade-na-primeira-semana","status":"publish","type":"post","link":"https:\/\/acontecenafronteira.com.br\/index.php\/2026\/09\/03\/eleicoes-2026-pesquisas-mostram-estabilidade-na-primeira-semana\/","title":{"rendered":"Elei\u00e7\u00f5es 2026: Pesquisas mostram estabilidade na primeira semana"},"content":{"rendered":"<p>Ap\u00f3s sete dias oficiais de propaganda pol\u00edtica, o cen\u00e1rio da corrida presidencial permanece inalterado entre os dois principais concorrentes, com oscila\u00e7\u00f5es que se mant\u00eam estritamente dentro da margem de erro estat\u00edstica.<\/p>\n<h2>Panorama das inten\u00e7\u00f5es de voto<\/h2>\n<p>O atual presidente Luiz In\u00e1cio Lula da Silva (PT) registra 38% das prefer\u00eancias para o primeiro turno, enquanto o advers\u00e1rio Fl\u00e1vio Bolsonaro (PL) aparece logo atr\u00e1s, somando 33% das inten\u00e7\u00f5es de voto no mesmo per\u00edodo avaliado.<\/p>\n<h2>Impacto de eventos recentes<\/h2>\n<p>Levantamentos conduzidos pelos institutos Quaest e Datafolha ainda n\u00e3o refletem em seus n\u00fameros o recente esc\u00e2ndalo envolvendo o Supremo Tribunal Federal, indicando que o foco do eleitorado segue concentrado em outras pautas tradicionais da pol\u00edtica nacional.<\/p>\n<h2>Taxas de rejei\u00e7\u00e3o dos candidatos<\/h2>\n<p>No que diz respeito \u00e0 rejei\u00e7\u00e3o popular, o panorama tamb\u00e9m n\u00e3o apresentou altera\u00e7\u00f5es significativas ao longo da \u00faltima semana de disputas nas ruas e nos meios de comunica\u00e7\u00e3o de massa do pa\u00eds.<\/p>\n<p>Fl\u00e1vio Bolsonaro oscila marginalmente e marca 47% de rejei\u00e7\u00e3o, registrando uma leve varia\u00e7\u00e3o negativa em compara\u00e7\u00e3o com os 46% apontados no levantamento imediatamente anterior divulgado no Brasil.<\/p>\n<p>Por sua vez, o chefe do Executivo federal se mant\u00e9m absolutamente est\u00e1vel, registrando patamar de 45% de rejei\u00e7\u00e3o, repetindo exatamente o mesmo \u00edndice aferido na pesquisa passada.<\/p>\n<p>Esses dados preliminares refor\u00e7am a percep\u00e7\u00e3o de um eleitorado altamente polarizado e consolidado, cujas convic\u00e7\u00f5es parecem dif\u00edceis de alterar mesmo com o in\u00edcio formal da movimenta\u00e7\u00e3o partid\u00e1ria nas ruas.<\/p>\n<p>Por Reda\u00e7\u00e3o Acontece<\/p>\n<p>Cr\u00e9ditos da imagem: Divulga\u00e7\u00e3o\/TSE<\/p>\n","protected":false},"excerpt":{"rendered":"<p>Ap\u00f3s sete dias oficiais de propaganda pol\u00edtica, o cen\u00e1rio da corrida presidencial permanece inalterado entre os dois principais concorrentes, com oscila\u00e7\u00f5es que se mant\u00eam estritamente dentro da margem de erro estat\u00edstica. Panorama das inten\u00e7\u00f5es de voto O atual presidente Luiz In\u00e1cio Lula da Silva (PT) registra 38% das prefer\u00eancias para o primeiro turno, enquanto o [&hellip;]<\/p>\n","protected":false},"author":0,"featured_media":34793,"comment_status":"open","ping_status":"open","sticky":false,"template":"","format":"standard","meta":{"footnotes":""},"categories":[28],"tags":[],"class_list":["post-34787","post","type-post","status-publish","format-standard","has-post-thumbnail","hentry","category-mundo"],"_links":{"self":[{"href":"https:\/\/acontecenafronteira.com.br\/index.php\/wp-json\/wp\/v2\/posts\/34787","targetHints":{"allow":["GET"]}}],"collection":[{"href":"https:\/\/acontecenafronteira.com.br\/index.php\/wp-json\/wp\/v2\/posts"}],"about":[{"href":"https:\/\/acontecenafronteira.com.br\/index.php\/wp-json\/wp\/v2\/types\/post"}],"replies":[{"embeddable":true,"href":"https:\/\/acontecenafronteira.com.br\/index.php\/wp-json\/wp\/v2\/comments?post=34787"}],"version-history":[{"count":1,"href":"https:\/\/acontecenafronteira.com.br\/index.php\/wp-json\/wp\/v2\/posts\/34787\/revisions"}],"predecessor-version":[{"id":34792,"href":"https:\/\/acontecenafronteira.com.br\/index.php\/wp-json\/wp\/v2\/posts\/34787\/revisions\/34792"}],"wp:featuredmedia":[{"embeddable":true,"href":"https:\/\/acontecenafronteira.com.br\/index.php\/wp-json\/wp\/v2\/media\/34793"}],"wp:attachment":[{"href":"https:\/\/acontecenafronteira.com.br\/index.php\/wp-json\/wp\/v2\/media?parent=34787"}],"wp:term":[{"taxonomy":"category","embeddable":true,"href":"https:\/\/acontecenafronteira.com.br\/index.php\/wp-json\/wp\/v2\/categories?post=34787"},{"taxonomy":"post_tag","embeddable":true,"href":"https:\/\/acontecenafronteira.com.br\/index.php\/wp-json\/wp\/v2\/tags?post=34787"}],"curies":[{"name":"wp","href":"https:\/\/api.w.org\/{rel}","templated":true}]}}