{"id":34786,"date":"2026-09-03T22:36:24","date_gmt":"2026-09-04T01:36:24","guid":{"rendered":"https:\/\/acontecenafronteira.com.br\/?p=34786"},"modified":"2026-09-03T22:36:24","modified_gmt":"2026-09-04T01:36:24","slug":"pf-expoe-pressao-de-ex-secretario-para-liberar-licenca-da-refit","status":"publish","type":"post","link":"https:\/\/acontecenafronteira.com.br\/index.php\/2026\/09\/03\/pf-expoe-pressao-de-ex-secretario-para-liberar-licenca-da-refit\/","title":{"rendered":"PF exp\u00f5e press\u00e3o de ex-secret\u00e1rio para liberar licen\u00e7a da Refit"},"content":{"rendered":"<p>Investiga\u00e7\u00f5es conduzidas pela Pol\u00edcia Federal apontam que a gest\u00e3o estadual do Rio de Janeiro sofreu forte press\u00e3o pol\u00edtica para beneficiar a empresa <b>Refit<\/b>. Mensagens recuperadas revelam que o ent\u00e3o secret\u00e1rio de Ambiente e Sustentabilidade, <b>Bernardo Rossi<\/b>, exigiu que \u00f3rg\u00e3os ambientais ignorassem alertas t\u00e9cnicos e aprovassem a renova\u00e7\u00e3o da licen\u00e7a de opera\u00e7\u00e3o da refinaria, mesmo diante de riscos apontados para o meio ambiente e a sa\u00fade p\u00fablica.<\/p>\n<h2>Articula\u00e7\u00e3o e press\u00e3o nos bastidores<\/h2>\n<p>\nDe acordo com os relat\u00f3rios policiais, as conversas datam de maio de 2024, per\u00edodo em que a Comiss\u00e3o Estadual de Controle Ambiental (Ceca) avaliava o pedido da companhia, pertencente ao empres\u00e1rio <b>Ricardo Magro<\/b>. O colegiado debatia se a atividade industrial agravava a polui\u00e7\u00e3o do solo e dos recursos h\u00eddricos da regi\u00e3o. Representantes do Ibama e da Uerj relataram falhas e exigiram mais rigor na an\u00e1lise, apontando o descumprimento de obriga\u00e7\u00f5es anteriores pela empresa.<\/p>\n<h2>Ordem para ignorar \u00f3rg\u00e3os federais<\/h2>\n<p>\nDurante a sess\u00e3o decisiva, o ent\u00e3o presidente do Instituto Estadual do Meio Ambiente (Inea), <b>Renato Jord\u00e3o Bussiere<\/b>, repassava o cen\u00e1rio em tempo real para Bernardo Rossi. Diante dos questionamentos levantados pelo Ibama, Rossi ordenou que o subordinado &#8220;atropelasse&#8221; o \u00f3rg\u00e3o federal e colocasse o tema em vota\u00e7\u00e3o imediata. Ap\u00f3s a aprova\u00e7\u00e3o da pauta, os envolvidos comemoraram o desfecho e debateram estrat\u00e9gias para substituir membros dissidentes do conselho por nomes alinhados aos interesses da gest\u00e3o.<\/p>\n<h2>Posicionamento dos citados<\/h2>\n<p>\nA defesa do ex-governador <b>Cl\u00e1udio Castro<\/b> negou veementemente qualquer irregularidade, afirmando que os contatos com a empresa foram estritamente institucionais e que a administra\u00e7\u00e3o buscou cobrar d\u00e9bitos da refinaria. Por sua vez, o ex-chefe do Inea declarou que o processo j\u00e1 estava em fase final de an\u00e1lise e que seguiu os tr\u00e2mites normais, sem interfer\u00eancia indevida nas decis\u00f5es t\u00e9cnicas do \u00f3rg\u00e3o.<\/p>\n<p>Por Reda\u00e7\u00e3o Acontece<\/p>\n<p>Imagem: Divulga\u00e7\u00e3o \/ Arquivo<\/p>\n","protected":false},"excerpt":{"rendered":"<p>Investiga\u00e7\u00f5es conduzidas pela Pol\u00edcia Federal apontam que a gest\u00e3o estadual do Rio de Janeiro sofreu forte press\u00e3o pol\u00edtica para beneficiar a empresa Refit. Mensagens recuperadas revelam que o ent\u00e3o secret\u00e1rio de Ambiente e Sustentabilidade, Bernardo Rossi, exigiu que \u00f3rg\u00e3os ambientais ignorassem alertas t\u00e9cnicos e aprovassem a renova\u00e7\u00e3o da licen\u00e7a de opera\u00e7\u00e3o da refinaria, mesmo diante [&hellip;]<\/p>\n","protected":false},"author":0,"featured_media":34791,"comment_status":"open","ping_status":"open","sticky":false,"template":"","format":"standard","meta":{"footnotes":""},"categories":[28],"tags":[],"class_list":["post-34786","post","type-post","status-publish","format-standard","has-post-thumbnail","hentry","category-mundo"],"_links":{"self":[{"href":"https:\/\/acontecenafronteira.com.br\/index.php\/wp-json\/wp\/v2\/posts\/34786","targetHints":{"allow":["GET"]}}],"collection":[{"href":"https:\/\/acontecenafronteira.com.br\/index.php\/wp-json\/wp\/v2\/posts"}],"about":[{"href":"https:\/\/acontecenafronteira.com.br\/index.php\/wp-json\/wp\/v2\/types\/post"}],"replies":[{"embeddable":true,"href":"https:\/\/acontecenafronteira.com.br\/index.php\/wp-json\/wp\/v2\/comments?post=34786"}],"version-history":[{"count":1,"href":"https:\/\/acontecenafronteira.com.br\/index.php\/wp-json\/wp\/v2\/posts\/34786\/revisions"}],"predecessor-version":[{"id":34790,"href":"https:\/\/acontecenafronteira.com.br\/index.php\/wp-json\/wp\/v2\/posts\/34786\/revisions\/34790"}],"wp:featuredmedia":[{"embeddable":true,"href":"https:\/\/acontecenafronteira.com.br\/index.php\/wp-json\/wp\/v2\/media\/34791"}],"wp:attachment":[{"href":"https:\/\/acontecenafronteira.com.br\/index.php\/wp-json\/wp\/v2\/media?parent=34786"}],"wp:term":[{"taxonomy":"category","embeddable":true,"href":"https:\/\/acontecenafronteira.com.br\/index.php\/wp-json\/wp\/v2\/categories?post=34786"},{"taxonomy":"post_tag","embeddable":true,"href":"https:\/\/acontecenafronteira.com.br\/index.php\/wp-json\/wp\/v2\/tags?post=34786"}],"curies":[{"name":"wp","href":"https:\/\/api.w.org\/{rel}","templated":true}]}}