{"id":34774,"date":"2026-09-03T21:36:56","date_gmt":"2026-09-04T00:36:56","guid":{"rendered":"https:\/\/acontecenafronteira.com.br\/?p=34774"},"modified":"2026-09-03T21:36:56","modified_gmt":"2026-09-04T00:36:56","slug":"fachin-inclui-nota-de-moraes-sobre-vorcaro-em-investigacao","status":"publish","type":"post","link":"https:\/\/acontecenafronteira.com.br\/index.php\/2026\/09\/03\/fachin-inclui-nota-de-moraes-sobre-vorcaro-em-investigacao\/","title":{"rendered":"Fachin inclui nota de Moraes sobre Vorcaro em investiga\u00e7\u00e3o"},"content":{"rendered":"<p>O presidente do Supremo Tribunal Federal, o ministro Edson Fachin, ordenou a anexa\u00e7\u00e3o de um comunicado oficial em que Alexandre de Moraes recha\u00e7a ter mantido contato por mensagens com Daniel Vorcaro, no \u00e2mbito da investiga\u00e7\u00e3o que analisa o atrito entre magistrados da mais alta Corte do pa\u00eds.<\/p>\n<h2>Prazo para manifesta\u00e7\u00f5es das autoridades<\/h2>\n<p>Por meio do despacho expedido, Fachin estabeleceu o prazo de cinco dias \u00fateis para que o pr\u00f3prio Moraes, o ministro Andr\u00e9 Mendon\u00e7a, o procurador-geral da Rep\u00fablica, Paulo Gonet, e o diretor-geral da Pol\u00edcia Federal, Andrei Rodrigues, apresentem suas manifesta\u00e7\u00f5es a respeito do embate e das acusa\u00e7\u00f5es cruzadas.<\/p>\n<h2>Anexo oficial determinado pelo STF<\/h2>\n<p>A determina\u00e7\u00e3o do chefe do Judici\u00e1rio inclui formalmente no processo a manifesta\u00e7\u00e3o emitida pela Secretaria de Comunica\u00e7\u00e3o Social da Corte, a pedido do gabinete de Moraes, datada de 6 de mar\u00e7o. No documento, o magistrado aborda o teor das conversas atribu\u00eddas a Vorcaro.<\/p>\n<p>Meses atr\u00e1s, o ministro havia refutado publicamente a alega\u00e7\u00e3o de que o banqueiro lhe enviara recados na data em que foi detido, epis\u00f3dio que veio a ser confirmado posteriormente, tendo classificado a acusa\u00e7\u00e3o inicial como uma narrativa inver\u00eddica voltada a desestabilizar o tribunal.<\/p>\n<h2>Origem da apura\u00e7\u00e3o e embate institucional<\/h2>\n<p>A movimenta\u00e7\u00e3o processual conduzida por Fachin surge como resposta direta a uma manifesta\u00e7\u00e3o da Procuradoria-Geral da Rep\u00fablica, que requereu a invalida\u00e7\u00e3o de uma decis\u00e3o anterior de Mendon\u00e7a sobre as tratativas entre Moraes e o empres\u00e1rio, al\u00e9m do pleito para que a controv\u00e9rsia seja submetida ao plen\u00e1rio.<\/p>\n<p>O presidente da Corte destacou em sua fundamenta\u00e7\u00e3o que compete \u00e0 lideran\u00e7a do tribunal garantir que eventuais an\u00e1lises colegiadas ocorram com o rigor e a responsabilidade exigidos pela gravidade dos acontecimentos, assegurando sempre a observ\u00e2ncia das garantias constitucionais fundamentais.<\/p>\n<p>Por Reda\u00e7\u00e3o Acontece<\/p>\n<p>Cr\u00e9ditos da imagem: Divulga\u00e7\u00e3o\/STF<\/p>\n","protected":false},"excerpt":{"rendered":"<p>O presidente do Supremo Tribunal Federal, o ministro Edson Fachin, ordenou a anexa\u00e7\u00e3o de um comunicado oficial em que Alexandre de Moraes recha\u00e7a ter mantido contato por mensagens com Daniel Vorcaro, no \u00e2mbito da investiga\u00e7\u00e3o que analisa o atrito entre magistrados da mais alta Corte do pa\u00eds. Prazo para manifesta\u00e7\u00f5es das autoridades Por meio do [&hellip;]<\/p>\n","protected":false},"author":0,"featured_media":34782,"comment_status":"open","ping_status":"open","sticky":false,"template":"","format":"standard","meta":{"footnotes":""},"categories":[6],"tags":[],"class_list":["post-34774","post","type-post","status-publish","format-standard","has-post-thumbnail","hentry","category-mercosul"],"_links":{"self":[{"href":"https:\/\/acontecenafronteira.com.br\/index.php\/wp-json\/wp\/v2\/posts\/34774","targetHints":{"allow":["GET"]}}],"collection":[{"href":"https:\/\/acontecenafronteira.com.br\/index.php\/wp-json\/wp\/v2\/posts"}],"about":[{"href":"https:\/\/acontecenafronteira.com.br\/index.php\/wp-json\/wp\/v2\/types\/post"}],"replies":[{"embeddable":true,"href":"https:\/\/acontecenafronteira.com.br\/index.php\/wp-json\/wp\/v2\/comments?post=34774"}],"version-history":[{"count":1,"href":"https:\/\/acontecenafronteira.com.br\/index.php\/wp-json\/wp\/v2\/posts\/34774\/revisions"}],"predecessor-version":[{"id":34781,"href":"https:\/\/acontecenafronteira.com.br\/index.php\/wp-json\/wp\/v2\/posts\/34774\/revisions\/34781"}],"wp:featuredmedia":[{"embeddable":true,"href":"https:\/\/acontecenafronteira.com.br\/index.php\/wp-json\/wp\/v2\/media\/34782"}],"wp:attachment":[{"href":"https:\/\/acontecenafronteira.com.br\/index.php\/wp-json\/wp\/v2\/media?parent=34774"}],"wp:term":[{"taxonomy":"category","embeddable":true,"href":"https:\/\/acontecenafronteira.com.br\/index.php\/wp-json\/wp\/v2\/categories?post=34774"},{"taxonomy":"post_tag","embeddable":true,"href":"https:\/\/acontecenafronteira.com.br\/index.php\/wp-json\/wp\/v2\/tags?post=34774"}],"curies":[{"name":"wp","href":"https:\/\/api.w.org\/{rel}","templated":true}]}}