{"id":34773,"date":"2026-09-03T21:36:52","date_gmt":"2026-09-04T00:36:52","guid":{"rendered":"https:\/\/acontecenafronteira.com.br\/?p=34773"},"modified":"2026-09-03T21:36:52","modified_gmt":"2026-09-04T00:36:52","slug":"claudio-castro-e-a-adega-de-r-245-mil-em-mansao-secreta","status":"publish","type":"post","link":"https:\/\/acontecenafronteira.com.br\/index.php\/2026\/09\/03\/claudio-castro-e-a-adega-de-r-245-mil-em-mansao-secreta\/","title":{"rendered":"Cl\u00e1udio Castro e a adega de R$ 245 mil em mans\u00e3o secreta"},"content":{"rendered":"<p>Investiga\u00e7\u00f5es conduzidas pela Pol\u00edcia Federal indicam que o ex-governador Cl\u00e1udio Castro esteve diretamente envolvido no planejamento de uma obra de <b>R$ 245 mil<\/b> para a constru\u00e7\u00e3o de uma adega em uma luxuosa resid\u00eancia localizada na Regi\u00e3o Serrana do Rio de Janeiro.<\/p>\n<h2>Os ind\u00edcios de posse da mans\u00e3o<\/h2>\n<p>\nA an\u00e1lise de mensagens extra\u00eddas do telefone celular do pol\u00edtico revelou que ele agia como verdadeiro dono do im\u00f3vel, apesar da propriedade estar formalmente registrada em nome de um terceiro. A mans\u00e3o em quest\u00e3o est\u00e1 situada em um condom\u00ednio exclusivo em Petr\u00f3polis, avaliada em <b>R$ 2,4 milh\u00f5es<\/b>, dispondo de heliponto e proximidade com um polo gastron\u00f4mico.<\/p>\n<h2>Detalhes das obras e conversas<\/h2>\n<p>\nNos di\u00e1logos mapeados pela Opera\u00e7\u00e3o Sem Refino, a corpora\u00e7\u00e3o policial identificou que o ex-chefe do Executivo estadual tratava de reparos rotineiros e da prepara\u00e7\u00e3o do espa\u00e7o para receber convidados. Em trechos das conversas, o pr\u00f3prio pol\u00edtico se referia \u00e0 instala\u00e7\u00e3o da adega de luxo como &#8220;minha obra&#8221;, evidenciando controle direto sobre o patrim\u00f4nio.<\/p>\n<h2>Rela\u00e7\u00e3o com empres\u00e1rio do setor de constru\u00e7\u00e3o<\/h2>\n<p>\nO dono oficial do im\u00f3vel \u00e9 o empres\u00e1rio Luiz Fernando Gomes, que atua no ramo da constru\u00e7\u00e3o civil e comanda mais de 20 empresas. Entre elas est\u00e1 a Enge Prat, companhia que acumulou 13 contratos com a administra\u00e7\u00e3o estadual fluminense ao longo dos anos.<\/p>\n<h2>Crescimento expressivo nos contratos p\u00fablicos<\/h2>\n<p>\nO faturamento da construtora disparou ap\u00f3s a ascens\u00e3o de Cl\u00e1udio Castro ao Pal\u00e1cio Guanabara. Inicialmente, a empresa havia firmado dois acordos em 2018, somando <b>R$ 1,9 milh\u00e3o<\/b>. A partir de 2022, j\u00e1 sob a gest\u00e3o de Castro, foram fechados mais 11 pactos com o governo, totalizando <b>R$ 355,2 milh\u00f5es<\/b>, sendo que <b>R$ 49,6 milh\u00f5es<\/b> deste montante ocorreram sem a realiza\u00e7\u00e3o de licita\u00e7\u00e3o.<\/p>\n<p>A revela\u00e7\u00e3o sobre o controle do im\u00f3vel e o salto financeiro da empresa parceira amplia as investiga\u00e7\u00f5es sobre os v\u00ednculos entre o poder p\u00fablico e empres\u00e1rios fornecedores do estado.<\/p>\n<p>Por Reda\u00e7\u00e3o Acontece<\/p>\n<p>Cr\u00e9ditos da imagem: Hugo Barreto\/Metr\u00f3poles<\/p>\n","protected":false},"excerpt":{"rendered":"<p>Investiga\u00e7\u00f5es conduzidas pela Pol\u00edcia Federal indicam que o ex-governador Cl\u00e1udio Castro esteve diretamente envolvido no planejamento de uma obra de R$ 245 mil para a constru\u00e7\u00e3o de uma adega em uma luxuosa resid\u00eancia localizada na Regi\u00e3o Serrana do Rio de Janeiro. Os ind\u00edcios de posse da mans\u00e3o A an\u00e1lise de mensagens extra\u00eddas do telefone celular [&hellip;]<\/p>\n","protected":false},"author":0,"featured_media":34780,"comment_status":"open","ping_status":"open","sticky":false,"template":"","format":"standard","meta":{"footnotes":""},"categories":[6],"tags":[],"class_list":["post-34773","post","type-post","status-publish","format-standard","has-post-thumbnail","hentry","category-mercosul"],"_links":{"self":[{"href":"https:\/\/acontecenafronteira.com.br\/index.php\/wp-json\/wp\/v2\/posts\/34773","targetHints":{"allow":["GET"]}}],"collection":[{"href":"https:\/\/acontecenafronteira.com.br\/index.php\/wp-json\/wp\/v2\/posts"}],"about":[{"href":"https:\/\/acontecenafronteira.com.br\/index.php\/wp-json\/wp\/v2\/types\/post"}],"replies":[{"embeddable":true,"href":"https:\/\/acontecenafronteira.com.br\/index.php\/wp-json\/wp\/v2\/comments?post=34773"}],"version-history":[{"count":1,"href":"https:\/\/acontecenafronteira.com.br\/index.php\/wp-json\/wp\/v2\/posts\/34773\/revisions"}],"predecessor-version":[{"id":34779,"href":"https:\/\/acontecenafronteira.com.br\/index.php\/wp-json\/wp\/v2\/posts\/34773\/revisions\/34779"}],"wp:featuredmedia":[{"embeddable":true,"href":"https:\/\/acontecenafronteira.com.br\/index.php\/wp-json\/wp\/v2\/media\/34780"}],"wp:attachment":[{"href":"https:\/\/acontecenafronteira.com.br\/index.php\/wp-json\/wp\/v2\/media?parent=34773"}],"wp:term":[{"taxonomy":"category","embeddable":true,"href":"https:\/\/acontecenafronteira.com.br\/index.php\/wp-json\/wp\/v2\/categories?post=34773"},{"taxonomy":"post_tag","embeddable":true,"href":"https:\/\/acontecenafronteira.com.br\/index.php\/wp-json\/wp\/v2\/tags?post=34773"}],"curies":[{"name":"wp","href":"https:\/\/api.w.org\/{rel}","templated":true}]}}