{"id":34772,"date":"2026-09-03T21:36:47","date_gmt":"2026-09-04T00:36:47","guid":{"rendered":"https:\/\/acontecenafronteira.com.br\/?p=34772"},"modified":"2026-09-03T21:36:47","modified_gmt":"2026-09-04T00:36:47","slug":"claudia-raia-revela-que-jo-soares-salvou-sua-vida-ao-detectar-cancer","status":"publish","type":"post","link":"https:\/\/acontecenafronteira.com.br\/index.php\/2026\/09\/03\/claudia-raia-revela-que-jo-soares-salvou-sua-vida-ao-detectar-cancer\/","title":{"rendered":"Claudia Raia revela que J\u00f4 Soares salvou sua vida ao detectar c\u00e2ncer"},"content":{"rendered":"<p>Durante participa\u00e7\u00e3o no programa Sem Censura, exibido pela TV Brasil, a atriz <b>Claudia Raia<\/b> fez uma revela\u00e7\u00e3o emocionante sobre a rela\u00e7\u00e3o que manteve com o apresentador <b>J\u00f4 Soares<\/b>, falecido em 2022. Segundo a artista, o comunicador foi o respons\u00e1vel por identificar um tumor maligno em seu corpo, um diagn\u00f3stico que evitou consequ\u00eancias grav\u00edssimas para sua sa\u00fade.<\/p>\n<h2>O diagn\u00f3stico que evitou o pior<\/h2>\n<p>A famosa explicou que o ex-companheiro notou uma mancha suspeita em sua perna e insistiu para que ela buscasse ajuda m\u00e9dica especializada. Foi o pr\u00f3prio apresentador quem a encaminhou para avalia\u00e7\u00e3o com o m\u00e9dico <b>Drauzio Varella<\/b>, onde se constatou um <b>melanoma cancer\u00edgeno<\/b>. De acordo com o relato, a interven\u00e7\u00e3o r\u00e1pida impediu que a doen\u00e7a avan\u00e7asse a ponto de exigir a amputa\u00e7\u00e3o do membro em poucos anos.<\/p>\n<h2>Hist\u00f3ria de amor e parceria<\/h2>\n<p>O relacionamento entre os dois aconteceu entre 1984 e 1986, ap\u00f3s um encontro casual em um restaurante carioca logo ap\u00f3s a exibi\u00e7\u00e3o do musical A Chorus Line. Durante a atra\u00e7\u00e3o televisiva, a apresentadora Cissa Guimar\u00e3es recordou um elogio marcante feito pelo comediante no dia em que se conheceram, quando ele afirmou que mulheres como ela surgiam apenas a cada duas d\u00e9cadas.<\/p>\n<h2>Influ\u00eancia na carreira art\u00edstica<\/h2>\n<p>Al\u00e9m do apoio na \u00e1rea da sa\u00fade, a atriz destacou a import\u00e2ncia profissional do ex-namorado em sua trajet\u00f3ria art\u00edstica. A famosa lembrou dos bastidores do programa Viva o Gordo, onde chegava horas antes do in\u00edcio das grava\u00e7\u00f5es apenas para observar o trabalho dos grandes comediantes da \u00e9poca, transicionando do papel tradicional de destaque visual para quadros de humor ao lado do mestre da televis\u00e3o.<\/p>\n<p>Por Reda\u00e7\u00e3o Acontece<\/p>\n<p>Foto: Ram\u00f3n Vasconcelos\/TV Globo \/ Reprodu\u00e7\u00e3o<\/p>\n","protected":false},"excerpt":{"rendered":"<p>Durante participa\u00e7\u00e3o no programa Sem Censura, exibido pela TV Brasil, a atriz Claudia Raia fez uma revela\u00e7\u00e3o emocionante sobre a rela\u00e7\u00e3o que manteve com o apresentador J\u00f4 Soares, falecido em 2022. Segundo a artista, o comunicador foi o respons\u00e1vel por identificar um tumor maligno em seu corpo, um diagn\u00f3stico que evitou consequ\u00eancias grav\u00edssimas para sua [&hellip;]<\/p>\n","protected":false},"author":0,"featured_media":34778,"comment_status":"open","ping_status":"open","sticky":false,"template":"","format":"standard","meta":{"footnotes":""},"categories":[6],"tags":[],"class_list":["post-34772","post","type-post","status-publish","format-standard","has-post-thumbnail","hentry","category-mercosul"],"_links":{"self":[{"href":"https:\/\/acontecenafronteira.com.br\/index.php\/wp-json\/wp\/v2\/posts\/34772","targetHints":{"allow":["GET"]}}],"collection":[{"href":"https:\/\/acontecenafronteira.com.br\/index.php\/wp-json\/wp\/v2\/posts"}],"about":[{"href":"https:\/\/acontecenafronteira.com.br\/index.php\/wp-json\/wp\/v2\/types\/post"}],"replies":[{"embeddable":true,"href":"https:\/\/acontecenafronteira.com.br\/index.php\/wp-json\/wp\/v2\/comments?post=34772"}],"version-history":[{"count":1,"href":"https:\/\/acontecenafronteira.com.br\/index.php\/wp-json\/wp\/v2\/posts\/34772\/revisions"}],"predecessor-version":[{"id":34777,"href":"https:\/\/acontecenafronteira.com.br\/index.php\/wp-json\/wp\/v2\/posts\/34772\/revisions\/34777"}],"wp:featuredmedia":[{"embeddable":true,"href":"https:\/\/acontecenafronteira.com.br\/index.php\/wp-json\/wp\/v2\/media\/34778"}],"wp:attachment":[{"href":"https:\/\/acontecenafronteira.com.br\/index.php\/wp-json\/wp\/v2\/media?parent=34772"}],"wp:term":[{"taxonomy":"category","embeddable":true,"href":"https:\/\/acontecenafronteira.com.br\/index.php\/wp-json\/wp\/v2\/categories?post=34772"},{"taxonomy":"post_tag","embeddable":true,"href":"https:\/\/acontecenafronteira.com.br\/index.php\/wp-json\/wp\/v2\/tags?post=34772"}],"curies":[{"name":"wp","href":"https:\/\/api.w.org\/{rel}","templated":true}]}}