{"id":34771,"date":"2026-09-03T21:36:43","date_gmt":"2026-09-04T00:36:43","guid":{"rendered":"https:\/\/acontecenafronteira.com.br\/?p=34771"},"modified":"2026-09-03T21:36:43","modified_gmt":"2026-09-04T00:36:43","slug":"kiko-caputo-define-fundo-constitucional-do-df-como-bencao-e-maldicao","status":"publish","type":"post","link":"https:\/\/acontecenafronteira.com.br\/index.php\/2026\/09\/03\/kiko-caputo-define-fundo-constitucional-do-df-como-bencao-e-maldicao\/","title":{"rendered":"Kiko Caputo define Fundo Constitucional do DF como b\u00ean\u00e7\u00e3o e maldi\u00e7\u00e3o"},"content":{"rendered":"<p>Durante sabatina promovida pelo setor produtivo brasiliense nesta quinta-feira (3\/09), o candidato ao Governo do Distrito Federal <b>Kiko Caputo<\/b> (Novo) classificou o <b>Fundo Constitucional do DF (FCDF)<\/b> com uma express\u00e3o forte: para ele, o recurso financeiro funciona simultaneamente como uma &#8220;b\u00ean\u00e7\u00e3o e uma maldi\u00e7\u00e3o&#8221;. O foco principal do encontro foi o crescimento econ\u00f4mico e a gera\u00e7\u00e3o de oportunidades na capital federal.<\/p>\n<h2>A vis\u00e3o do candidato sobre o Fundo Constitucional<\/h2>\n<p>Embora reconhe\u00e7a que o repasse federal \u00e9 indispens\u00e1vel para a manuten\u00e7\u00e3o do Distrito Federal, Caputo sustenta que o montante tem gerado efeitos colaterais negativos na administra\u00e7\u00e3o p\u00fablica local. Em sua an\u00e1lise, a fartura de verbas federais desestimula os chefes do Executivo a correrem atr\u00e1s de novas fontes de receita e investimentos privados para a regi\u00e3o.<\/p>\n<h2>Impacto na economia e desemprego local<\/h2>\n<p>O postulante ao Pal\u00e1cio do Buriti argumenta que a aus\u00eancia de um plano agressivo para atrair empresas resulta diretamente nas altas taxas de desemprego, cen\u00e1rio que castiga com mais for\u00e7a as cidades sat\u00e9lites e periferias. Para ele, o comodismo administrativo predominou nas gest\u00f5es anteriores, travando o desenvolvimento econ\u00f4mico genu\u00edno do DF.<\/p>\n<p>Al\u00e9m de debater a fundo as finan\u00e7as p\u00fablicas e o fomento ao mercado de trabalho durante o evento organizado pela Fecom\u00e9rcio, o candidato tamb\u00e9m discutiu pautas cruciais como mobilidade urbana, economia criativa e regulariza\u00e7\u00e3o fundi\u00e1ria na capital do pa\u00eds.<\/p>\n<p>Por Reda\u00e7\u00e3o Acontece<\/p>\n<p>Foto: Divulga\u00e7\u00e3o\/Campanha<\/p>\n","protected":false},"excerpt":{"rendered":"<p>Durante sabatina promovida pelo setor produtivo brasiliense nesta quinta-feira (3\/09), o candidato ao Governo do Distrito Federal Kiko Caputo (Novo) classificou o Fundo Constitucional do DF (FCDF) com uma express\u00e3o forte: para ele, o recurso financeiro funciona simultaneamente como uma &#8220;b\u00ean\u00e7\u00e3o e uma maldi\u00e7\u00e3o&#8221;. O foco principal do encontro foi o crescimento econ\u00f4mico e a [&hellip;]<\/p>\n","protected":false},"author":0,"featured_media":34776,"comment_status":"open","ping_status":"open","sticky":false,"template":"","format":"standard","meta":{"footnotes":""},"categories":[6],"tags":[],"class_list":["post-34771","post","type-post","status-publish","format-standard","has-post-thumbnail","hentry","category-mercosul"],"_links":{"self":[{"href":"https:\/\/acontecenafronteira.com.br\/index.php\/wp-json\/wp\/v2\/posts\/34771","targetHints":{"allow":["GET"]}}],"collection":[{"href":"https:\/\/acontecenafronteira.com.br\/index.php\/wp-json\/wp\/v2\/posts"}],"about":[{"href":"https:\/\/acontecenafronteira.com.br\/index.php\/wp-json\/wp\/v2\/types\/post"}],"replies":[{"embeddable":true,"href":"https:\/\/acontecenafronteira.com.br\/index.php\/wp-json\/wp\/v2\/comments?post=34771"}],"version-history":[{"count":1,"href":"https:\/\/acontecenafronteira.com.br\/index.php\/wp-json\/wp\/v2\/posts\/34771\/revisions"}],"predecessor-version":[{"id":34775,"href":"https:\/\/acontecenafronteira.com.br\/index.php\/wp-json\/wp\/v2\/posts\/34771\/revisions\/34775"}],"wp:featuredmedia":[{"embeddable":true,"href":"https:\/\/acontecenafronteira.com.br\/index.php\/wp-json\/wp\/v2\/media\/34776"}],"wp:attachment":[{"href":"https:\/\/acontecenafronteira.com.br\/index.php\/wp-json\/wp\/v2\/media?parent=34771"}],"wp:term":[{"taxonomy":"category","embeddable":true,"href":"https:\/\/acontecenafronteira.com.br\/index.php\/wp-json\/wp\/v2\/categories?post=34771"},{"taxonomy":"post_tag","embeddable":true,"href":"https:\/\/acontecenafronteira.com.br\/index.php\/wp-json\/wp\/v2\/tags?post=34771"}],"curies":[{"name":"wp","href":"https:\/\/api.w.org\/{rel}","templated":true}]}}