{"id":34762,"date":"2026-09-03T21:36:38","date_gmt":"2026-09-04T00:36:38","guid":{"rendered":"https:\/\/acontecenafronteira.com.br\/?p=34762"},"modified":"2026-09-03T21:36:38","modified_gmt":"2026-09-04T00:36:38","slug":"moraes-aponta-que-mendonca-tentou-atingir-alcolumbre-em-inquerito","status":"publish","type":"post","link":"https:\/\/acontecenafronteira.com.br\/index.php\/2026\/09\/03\/moraes-aponta-que-mendonca-tentou-atingir-alcolumbre-em-inquerito\/","title":{"rendered":"Moraes aponta que Mendon\u00e7a tentou atingir Alcolumbre em inqu\u00e9rito"},"content":{"rendered":"<p>O ministro Alexandre de Moraes, integrante do Supremo Tribunal Federal, apontou em despacho recente que relat\u00f3rios da Pol\u00edcia Federal indicam o direcionamento de apura\u00e7\u00f5es pelo colega de corte Andr\u00e9 Mendon\u00e7a contra o presidente do Senado, Davi Alcolumbre, do Uni\u00e3o Brasil do Amap\u00e1.<\/p>\n<h2>Suspeitas de improbidade administrativa e abuso de autoridade<\/h2>\n<p>Conforme a decis\u00e3o assinada pelo magistrado, a atua\u00e7\u00e3o de Mendon\u00e7a para incriminar figuras p\u00fablicas pode configurar crimes de improbidade administrativa e abuso de autoridade, al\u00e9m de atingir o pr\u00f3prio Moraes com o mesmo m\u00e9todo.<\/p>\n<h2>Relat\u00f3rio da Pol\u00edcia Federal aponta vi\u00e9s pol\u00edtico<\/h2>\n<p>A an\u00e1lise de intelig\u00eancia conduzida pela corpora\u00e7\u00e3o destacou que Alcolumbre era tratado como um alvo estrat\u00e9gico devido \u00e0 sua relev\u00e2ncia pol\u00edtica e \u00e0s chances elevadas de continuar na presid\u00eancia do Senado no pr\u00f3ximo mandato.<\/p>\n<p>A corpora\u00e7\u00e3o apontou que o magistrado poderia enxergar em Antonio Rueda um caminho para alcan\u00e7ar Alcolumbre, relembrando desentendimentos passados ocorridos durante a indica\u00e7\u00e3o ao STF na gest\u00e3o anterior, per\u00edodo em que o senador atuou como barreira para a aprova\u00e7\u00e3o.<\/p>\n<h2>Tratamento assim\u00e9trico nas investiga\u00e7\u00f5es<\/h2>\n<p>O documento policial detalha que Mendon\u00e7a prop\u00f4s a separa\u00e7\u00e3o dos inqu\u00e9ritos envolvendo ACM Neto e Antonio Rueda, dirigente nacional do Uni\u00e3o Brasil, mesmo havendo clara conex\u00e3o entre os fatos investigados de ambos.<\/p>\n<p>Os investigadores ressaltaram a diverg\u00eancia de crit\u00e9rios adotados, visto que a divis\u00e3o foi sugerida onde havia liga\u00e7\u00e3o evidente, enquanto em outro momento a oposi\u00e7\u00e3o do relator ocorreu justamente diante de um desmembramento em cen\u00e1rio sem conex\u00e3o.<\/p>\n<p>O caso segue sob an\u00e1lise no Supremo Tribunal Federal, evidenciando novos desdobramentos sobre o cruzamento entre investiga\u00e7\u00f5es conduzidas na corte e articula\u00e7\u00f5es pol\u00edticas no Congresso Nacional.<\/p>\n<p>Por Reda\u00e7\u00e3o Acontece<\/p>\n<p>Imagem: Divulga\u00e7\u00e3o \/ STF<\/p>\n","protected":false},"excerpt":{"rendered":"<p>O ministro Alexandre de Moraes, integrante do Supremo Tribunal Federal, apontou em despacho recente que relat\u00f3rios da Pol\u00edcia Federal indicam o direcionamento de apura\u00e7\u00f5es pelo colega de corte Andr\u00e9 Mendon\u00e7a contra o presidente do Senado, Davi Alcolumbre, do Uni\u00e3o Brasil do Amap\u00e1. Suspeitas de improbidade administrativa e abuso de autoridade Conforme a decis\u00e3o assinada pelo [&hellip;]<\/p>\n","protected":false},"author":0,"featured_media":34770,"comment_status":"open","ping_status":"open","sticky":false,"template":"","format":"standard","meta":{"footnotes":""},"categories":[28],"tags":[],"class_list":["post-34762","post","type-post","status-publish","format-standard","has-post-thumbnail","hentry","category-mundo"],"_links":{"self":[{"href":"https:\/\/acontecenafronteira.com.br\/index.php\/wp-json\/wp\/v2\/posts\/34762","targetHints":{"allow":["GET"]}}],"collection":[{"href":"https:\/\/acontecenafronteira.com.br\/index.php\/wp-json\/wp\/v2\/posts"}],"about":[{"href":"https:\/\/acontecenafronteira.com.br\/index.php\/wp-json\/wp\/v2\/types\/post"}],"replies":[{"embeddable":true,"href":"https:\/\/acontecenafronteira.com.br\/index.php\/wp-json\/wp\/v2\/comments?post=34762"}],"version-history":[{"count":1,"href":"https:\/\/acontecenafronteira.com.br\/index.php\/wp-json\/wp\/v2\/posts\/34762\/revisions"}],"predecessor-version":[{"id":34769,"href":"https:\/\/acontecenafronteira.com.br\/index.php\/wp-json\/wp\/v2\/posts\/34762\/revisions\/34769"}],"wp:featuredmedia":[{"embeddable":true,"href":"https:\/\/acontecenafronteira.com.br\/index.php\/wp-json\/wp\/v2\/media\/34770"}],"wp:attachment":[{"href":"https:\/\/acontecenafronteira.com.br\/index.php\/wp-json\/wp\/v2\/media?parent=34762"}],"wp:term":[{"taxonomy":"category","embeddable":true,"href":"https:\/\/acontecenafronteira.com.br\/index.php\/wp-json\/wp\/v2\/categories?post=34762"},{"taxonomy":"post_tag","embeddable":true,"href":"https:\/\/acontecenafronteira.com.br\/index.php\/wp-json\/wp\/v2\/tags?post=34762"}],"curies":[{"name":"wp","href":"https:\/\/api.w.org\/{rel}","templated":true}]}}