{"id":34760,"date":"2026-09-03T21:36:21","date_gmt":"2026-09-04T00:36:21","guid":{"rendered":"https:\/\/acontecenafronteira.com.br\/?p=34760"},"modified":"2026-09-03T21:36:21","modified_gmt":"2026-09-04T00:36:21","slug":"moraes-acusa-mendonca-de-vies-politico-em-inqueritos-da-pf","status":"publish","type":"post","link":"https:\/\/acontecenafronteira.com.br\/index.php\/2026\/09\/03\/moraes-acusa-mendonca-de-vies-politico-em-inqueritos-da-pf\/","title":{"rendered":"Moraes acusa Mendon\u00e7a de vi\u00e9s pol\u00edtico em inqu\u00e9ritos da PF"},"content":{"rendered":"<p>O ministro Alexandre de Moraes, do Supremo Tribunal Federal (STF), apontou que seu colega de corte, Andr\u00e9 Mendon\u00e7a, teria direcionado apura\u00e7\u00f5es judiciais motivado por quest\u00f5es pessoais e partid\u00e1rias. A acusa\u00e7\u00e3o \u00e9 fundamentada em trechos de um documento elaborado pela Pol\u00edcia Federal.<\/p>\n<h2>Assimetria no tratamento de investigados<\/h2>\n<p>De acordo com o material t\u00e9cnico da corpora\u00e7\u00e3o, houve uma evidente diverg\u00eancia de crit\u00e9rios na condu\u00e7\u00e3o de processos envolvendo figuras p\u00fablicas de diferentes correntes ideol\u00f3gicas. Os investigadores apontam que o magistrado adotou pesos e medidas distintos ao analisar epis\u00f3dios semelhantes.<\/p>\n<h2>Compara\u00e7\u00e3o entre os casos analisados<\/h2>\n<p>O centro da controv\u00e9rsia envolve a avalia\u00e7\u00e3o de condutas atribu\u00eddas a ACM Neto, ex-candidato ao governo baiano pelo Uni\u00e3o Brasil, e a F\u00e1bio Lu\u00eds Lula da Silva, o Lulinha, primog\u00eanito do presidente Luiz In\u00e1cio Lula da Silva.<\/p>\n<p>Embora o cen\u00e1rio investigado apresentasse forte grau de equival\u00eancia entre os dois alvos, o tratamento dispensado por Mendon\u00e7a variou conforme a inclina\u00e7\u00e3o pol\u00edtica dos envolvidos, segundo apontou a corpora\u00e7\u00e3o policial.<\/p>\n<p>O caso segue sob an\u00e1lise e novas informa\u00e7\u00f5es poder\u00e3o ser divulgadas a qualquer momento pelos \u00f3rg\u00e3os competentes.<\/p>\n<p>Por Reda\u00e7\u00e3o Acontece<\/p>\n<p>Cr\u00e9ditos da imagem: Divulga\u00e7\u00e3o\/STF<\/p>\n","protected":false},"excerpt":{"rendered":"<p>O ministro Alexandre de Moraes, do Supremo Tribunal Federal (STF), apontou que seu colega de corte, Andr\u00e9 Mendon\u00e7a, teria direcionado apura\u00e7\u00f5es judiciais motivado por quest\u00f5es pessoais e partid\u00e1rias. A acusa\u00e7\u00e3o \u00e9 fundamentada em trechos de um documento elaborado pela Pol\u00edcia Federal. Assimetria no tratamento de investigados De acordo com o material t\u00e9cnico da corpora\u00e7\u00e3o, houve [&hellip;]<\/p>\n","protected":false},"author":0,"featured_media":34766,"comment_status":"open","ping_status":"open","sticky":false,"template":"","format":"standard","meta":{"footnotes":""},"categories":[28],"tags":[],"class_list":["post-34760","post","type-post","status-publish","format-standard","has-post-thumbnail","hentry","category-mundo"],"_links":{"self":[{"href":"https:\/\/acontecenafronteira.com.br\/index.php\/wp-json\/wp\/v2\/posts\/34760","targetHints":{"allow":["GET"]}}],"collection":[{"href":"https:\/\/acontecenafronteira.com.br\/index.php\/wp-json\/wp\/v2\/posts"}],"about":[{"href":"https:\/\/acontecenafronteira.com.br\/index.php\/wp-json\/wp\/v2\/types\/post"}],"replies":[{"embeddable":true,"href":"https:\/\/acontecenafronteira.com.br\/index.php\/wp-json\/wp\/v2\/comments?post=34760"}],"version-history":[{"count":1,"href":"https:\/\/acontecenafronteira.com.br\/index.php\/wp-json\/wp\/v2\/posts\/34760\/revisions"}],"predecessor-version":[{"id":34765,"href":"https:\/\/acontecenafronteira.com.br\/index.php\/wp-json\/wp\/v2\/posts\/34760\/revisions\/34765"}],"wp:featuredmedia":[{"embeddable":true,"href":"https:\/\/acontecenafronteira.com.br\/index.php\/wp-json\/wp\/v2\/media\/34766"}],"wp:attachment":[{"href":"https:\/\/acontecenafronteira.com.br\/index.php\/wp-json\/wp\/v2\/media?parent=34760"}],"wp:term":[{"taxonomy":"category","embeddable":true,"href":"https:\/\/acontecenafronteira.com.br\/index.php\/wp-json\/wp\/v2\/categories?post=34760"},{"taxonomy":"post_tag","embeddable":true,"href":"https:\/\/acontecenafronteira.com.br\/index.php\/wp-json\/wp\/v2\/tags?post=34760"}],"curies":[{"name":"wp","href":"https:\/\/api.w.org\/{rel}","templated":true}]}}