{"id":34759,"date":"2026-09-03T21:36:11","date_gmt":"2026-09-04T00:36:11","guid":{"rendered":"https:\/\/acontecenafronteira.com.br\/?p=34759"},"modified":"2026-09-03T21:36:11","modified_gmt":"2026-09-04T00:36:11","slug":"pf-acusa-andre-mendonca-de-vies-politico-em-investigacoes","status":"publish","type":"post","link":"https:\/\/acontecenafronteira.com.br\/index.php\/2026\/09\/03\/pf-acusa-andre-mendonca-de-vies-politico-em-investigacoes\/","title":{"rendered":"PF acusa Andr\u00e9 Mendon\u00e7a de vi\u00e9s pol\u00edtico em investiga\u00e7\u00f5es"},"content":{"rendered":"<p>Um recente relat\u00f3rio da Pol\u00edcia Federal inserido em um pedido do ministro Alexandre de Moraes traz graves acusa\u00e7\u00f5es contra o ministro Andr\u00e9 Mendon\u00e7a, apontando um suposto direcionamento de investiga\u00e7\u00f5es por motiva\u00e7\u00f5es pol\u00edticas e pessoais.<\/p>\n<h2>Alvos de grande repercuss\u00e3o<\/h2>\n<p>O documento detalha que figuras de proa da pol\u00edtica nacional, incluindo o pr\u00f3prio Alexandre de Moraes e o presidente do Senado, Davi Alcolumbre, teriam sido colocadas na mira de apura\u00e7\u00f5es de forma direcionada.<\/p>\n<h2>Assimetria no espectro partid\u00e1rio<\/h2>\n<p>Al\u00e9m dos nomes j\u00e1 citados, a corpora\u00e7\u00e3o policial identificou o que classificou como uma clara assimetria no tratamento de diferentes correntes ideol\u00f3gicas, destacando epis\u00f3dios envolvendo lideran\u00e7as do Uni\u00e3o Brasil, como Antonio Rueda e ACM Neto.<\/p>\n<p>As apura\u00e7\u00f5es continuam a destrinchar o teor dos documentos reunidos pela investiga\u00e7\u00e3o, que seguem sob an\u00e1lise rigorosa dos \u00f3rg\u00e3os competentes para esclarecer a extens\u00e3o das medidas adotadas.<\/p>\n<p>Por Reda\u00e7\u00e3o Acontece<\/p>\n<p>Cr\u00e9ditos da imagem: Ag\u00eancia Brasil<\/p>\n","protected":false},"excerpt":{"rendered":"<p>Um recente relat\u00f3rio da Pol\u00edcia Federal inserido em um pedido do ministro Alexandre de Moraes traz graves acusa\u00e7\u00f5es contra o ministro Andr\u00e9 Mendon\u00e7a, apontando um suposto direcionamento de investiga\u00e7\u00f5es por motiva\u00e7\u00f5es pol\u00edticas e pessoais. Alvos de grande repercuss\u00e3o O documento detalha que figuras de proa da pol\u00edtica nacional, incluindo o pr\u00f3prio Alexandre de Moraes e [&hellip;]<\/p>\n","protected":false},"author":0,"featured_media":34764,"comment_status":"open","ping_status":"open","sticky":false,"template":"","format":"standard","meta":{"footnotes":""},"categories":[28],"tags":[],"class_list":["post-34759","post","type-post","status-publish","format-standard","has-post-thumbnail","hentry","category-mundo"],"_links":{"self":[{"href":"https:\/\/acontecenafronteira.com.br\/index.php\/wp-json\/wp\/v2\/posts\/34759","targetHints":{"allow":["GET"]}}],"collection":[{"href":"https:\/\/acontecenafronteira.com.br\/index.php\/wp-json\/wp\/v2\/posts"}],"about":[{"href":"https:\/\/acontecenafronteira.com.br\/index.php\/wp-json\/wp\/v2\/types\/post"}],"replies":[{"embeddable":true,"href":"https:\/\/acontecenafronteira.com.br\/index.php\/wp-json\/wp\/v2\/comments?post=34759"}],"version-history":[{"count":1,"href":"https:\/\/acontecenafronteira.com.br\/index.php\/wp-json\/wp\/v2\/posts\/34759\/revisions"}],"predecessor-version":[{"id":34763,"href":"https:\/\/acontecenafronteira.com.br\/index.php\/wp-json\/wp\/v2\/posts\/34759\/revisions\/34763"}],"wp:featuredmedia":[{"embeddable":true,"href":"https:\/\/acontecenafronteira.com.br\/index.php\/wp-json\/wp\/v2\/media\/34764"}],"wp:attachment":[{"href":"https:\/\/acontecenafronteira.com.br\/index.php\/wp-json\/wp\/v2\/media?parent=34759"}],"wp:term":[{"taxonomy":"category","embeddable":true,"href":"https:\/\/acontecenafronteira.com.br\/index.php\/wp-json\/wp\/v2\/categories?post=34759"},{"taxonomy":"post_tag","embeddable":true,"href":"https:\/\/acontecenafronteira.com.br\/index.php\/wp-json\/wp\/v2\/tags?post=34759"}],"curies":[{"name":"wp","href":"https:\/\/api.w.org\/{rel}","templated":true}]}}