{"id":34750,"date":"2026-09-03T21:36:05","date_gmt":"2026-09-04T00:36:05","guid":{"rendered":"https:\/\/acontecenafronteira.com.br\/?p=34750"},"modified":"2026-09-03T21:36:05","modified_gmt":"2026-09-04T00:36:05","slug":"parana-pesquisas-dallagnol-lidera-disputa-acirrada-ao-senado","status":"publish","type":"post","link":"https:\/\/acontecenafronteira.com.br\/index.php\/2026\/09\/03\/parana-pesquisas-dallagnol-lidera-disputa-acirrada-ao-senado\/","title":{"rendered":"Paran\u00e1 Pesquisas: Dallagnol lidera disputa acirrada ao Senado"},"content":{"rendered":"<p>A disputa pelas duas vagas do estado do Paran\u00e1 no Senado Federal apresenta um cen\u00e1rio bastante equilibrado, de acordo com o levantamento mais recente divulgado pelo instituto Paran\u00e1 Pesquisas.<\/p>\n<h2>Lideran\u00e7a na corrida eleitoral<\/h2>\n<p>Deltan Dallagnol ocupa a primeira coloca\u00e7\u00e3o na prefer\u00eancia do eleitorado, registrando 30,8% das inten\u00e7\u00f5es de voto. Logo atr\u00e1s, em uma disputa acirrada pela segunda posi\u00e7\u00e3o, aparece Alexandre Curi com 28,4%.<\/p>\n<h2>Outros nomes na disputa<\/h2>\n<p>O cen\u00e1rio pol\u00edtico estadual conta com diversos outros candidatos pontuando na pesquisa, demonstrando a competitividade do pleito para o Congresso Nacional.<\/p>\n<p>Sergio Moro aparece na sequ\u00eancia com 24,1%, seguido por Gleisi Hoffmann, que marca 19,5%. Paulo Martins contabiliza 14,2%, enquanto Alvaro Dias atinge 12,3%.<\/p>\n<p>Outros nomes citados no levantamento incluem Roberto Requi\u00e3o com 10,1%, Zeca Dirceu somando 8,7%, e Fl\u00e1vio Arns registrando 6,5%.<\/p>\n<h2>Metodologia da pesquisa<\/h2>\n<p>A sondagem foi realizada pelo instituto especializado para avaliar o panorama pol\u00edtico e a movimenta\u00e7\u00e3o dos eleitores paranaenses em rela\u00e7\u00e3o aos futuros representantes no Poder Legislativo federal.<\/p>\n<p>Os dados refletem o momento atual da corrida eleitoral, que promete ser uma das mais disputadas da hist\u00f3ria recente do estado, com margens estreitas entre os principais concorrentes.<\/p>\n<p>Por Reda\u00e7\u00e3o Acontece<\/p>\n<p>Cr\u00e9ditos da imagem: Divulga\u00e7\u00e3o\/Paran\u00e1 Pesquisas<\/p>\n","protected":false},"excerpt":{"rendered":"<p>A disputa pelas duas vagas do estado do Paran\u00e1 no Senado Federal apresenta um cen\u00e1rio bastante equilibrado, de acordo com o levantamento mais recente divulgado pelo instituto Paran\u00e1 Pesquisas. Lideran\u00e7a na corrida eleitoral Deltan Dallagnol ocupa a primeira coloca\u00e7\u00e3o na prefer\u00eancia do eleitorado, registrando 30,8% das inten\u00e7\u00f5es de voto. Logo atr\u00e1s, em uma disputa acirrada [&hellip;]<\/p>\n","protected":false},"author":0,"featured_media":34758,"comment_status":"open","ping_status":"open","sticky":false,"template":"","format":"standard","meta":{"footnotes":""},"categories":[18],"tags":[],"class_list":["post-34750","post","type-post","status-publish","format-standard","has-post-thumbnail","hentry","category-parana"],"_links":{"self":[{"href":"https:\/\/acontecenafronteira.com.br\/index.php\/wp-json\/wp\/v2\/posts\/34750","targetHints":{"allow":["GET"]}}],"collection":[{"href":"https:\/\/acontecenafronteira.com.br\/index.php\/wp-json\/wp\/v2\/posts"}],"about":[{"href":"https:\/\/acontecenafronteira.com.br\/index.php\/wp-json\/wp\/v2\/types\/post"}],"replies":[{"embeddable":true,"href":"https:\/\/acontecenafronteira.com.br\/index.php\/wp-json\/wp\/v2\/comments?post=34750"}],"version-history":[{"count":1,"href":"https:\/\/acontecenafronteira.com.br\/index.php\/wp-json\/wp\/v2\/posts\/34750\/revisions"}],"predecessor-version":[{"id":34757,"href":"https:\/\/acontecenafronteira.com.br\/index.php\/wp-json\/wp\/v2\/posts\/34750\/revisions\/34757"}],"wp:featuredmedia":[{"embeddable":true,"href":"https:\/\/acontecenafronteira.com.br\/index.php\/wp-json\/wp\/v2\/media\/34758"}],"wp:attachment":[{"href":"https:\/\/acontecenafronteira.com.br\/index.php\/wp-json\/wp\/v2\/media?parent=34750"}],"wp:term":[{"taxonomy":"category","embeddable":true,"href":"https:\/\/acontecenafronteira.com.br\/index.php\/wp-json\/wp\/v2\/categories?post=34750"},{"taxonomy":"post_tag","embeddable":true,"href":"https:\/\/acontecenafronteira.com.br\/index.php\/wp-json\/wp\/v2\/tags?post=34750"}],"curies":[{"name":"wp","href":"https:\/\/api.w.org\/{rel}","templated":true}]}}